{"id":11474,"date":"2021-03-19T16:31:48","date_gmt":"2021-03-19T15:31:48","guid":{"rendered":"http:\/\/www.sp1.imielin.pl\/?p=11474"},"modified":"2021-03-19T16:31:48","modified_gmt":"2021-03-19T15:31:48","slug":"wiosenny-przemarsz-ulicami-miasta","status":"publish","type":"post","link":"https:\/\/sp1.imielin.pl\/index.php\/2021\/03\/19\/wiosenny-przemarsz-ulicami-miasta\/","title":{"rendered":"Wiosenny przemarsz ulicami miasta"},"content":{"rendered":"<p style=\"text-align: justify;\">&#x1f337;&#x1f337;&#x1f337;Blisko 100 uczni\u00f3w klas 1 i 2 wraz z nauczycielami wita\u0142o dzisiaj wiosn\u0119 w radosnym przemarszu ulicami Imielina&#x1f337;&#x1f337;&#x1f337; Dzieci w kolorowych nakryciach g\u0142owy, \u015bpiewaj\u0105c radosne piosenki o wio\u015bnie i daj\u0105c o sobie zna\u0107 grzechotkami, rozdawa\u0142y papierowe kwiaty. 300 kolorowych tulipan\u00f3w trafi\u0142o w r\u0119ce przechodni\u00f3w, sprzedawc\u00f3w, pracownik\u00f3w Urz\u0119du Miasta, poczty czy banku oraz za wycieraczki samochod\u00f3w. Nie zabrak\u0142o pi\u0119knej Marzanny, kolorowego gaika i zielonych balon\u00f3w z przes\u0142aniem wypuszczonych w \u015bwiat. By\u0142o to weso\u0142e powitanie wiosny i jednocze\u015bnie po\u017cegnanie ze szko\u0142\u0105 na najbli\u017csze 3 tygodnie. Zobaczcie jak wygl\u0105da\u0142 nasz niesamowity przemarsz!<\/p>\n<p><a href=\"https:\/\/www.facebook.com\/sp1.imielin\/photos\/pcb.1781812722011021\/1781809495344677\/\">FOTOGALERIA<\/a><\/p>\n<div class=\"pld-like-dislike-wrap pld-template-2\">\r\n    <div class=\"pld-like-wrap  pld-common-wrap\">\r\n    <a href=\"javascript:void(0)\" class=\"pld-like-trigger pld-like-dislike-trigger  \" title=\"\" data-post-id=\"11474\" data-trigger-type=\"like\" data-restriction=\"cookie\" data-already-liked=\"0\">\r\n                        <i class=\"fas fa-heart\"><\/i>\r\n                <\/a>\r\n    <span class=\"pld-like-count-wrap pld-count-wrap\">    <\/span>\r\n<\/div><\/div>","protected":false},"excerpt":{"rendered":"<p>&#x1f337;&#x1f337;&#x1f337;Blisko 100 uczni\u00f3w klas 1 i 2 wraz z nauczycielami wita\u0142o dzisiaj wiosn\u0119 w radosnym przemarszu ulicami Imielina&#x1f337;&#x1f337;&#x1f337; Dzieci w kolorowych nakryciach g\u0142owy, \u015bpiewaj\u0105c radosne piosenki o wio\u015bnie i daj\u0105c o sobie zna\u0107 grzechotkami, rozdawa\u0142y papierowe kwiaty. 300 kolorowych tulipan\u00f3w trafi\u0142o w r\u0119ce przechodni\u00f3w, sprzedawc\u00f3w, pracownik\u00f3w Urz\u0119du Miasta, poczty czy banku oraz za wycieraczki samochod\u00f3w. [&hellip;]<\/p>\n","protected":false},"author":2,"featured_media":11475,"comment_status":"closed","ping_status":"closed","sticky":false,"template":"","format":"standard","meta":{"_uag_custom_page_level_css":"","footnotes":""},"categories":[5],"tags":[],"class_list":["post-11474","post","type-post","status-publish","format-standard","has-post-thumbnail","hentry","category-z-zycia-szkoly"],"uagb_featured_image_src":{"full":["https:\/\/sp1.imielin.pl\/wp-content\/uploads\/2021\/03\/162814763_1781811458677814_3021513133872354436_o.jpg",2048,1154,false],"thumbnail":["https:\/\/sp1.imielin.pl\/wp-content\/uploads\/2021\/03\/162814763_1781811458677814_3021513133872354436_o-150x150.jpg",150,150,true],"medium":["https:\/\/sp1.imielin.pl\/wp-content\/uploads\/2021\/03\/162814763_1781811458677814_3021513133872354436_o-300x169.jpg",300,169,true],"medium_large":["https:\/\/sp1.imielin.pl\/wp-content\/uploads\/2021\/03\/162814763_1781811458677814_3021513133872354436_o-768x433.jpg",525,296,true],"large":["https:\/\/sp1.imielin.pl\/wp-content\/uploads\/2021\/03\/162814763_1781811458677814_3021513133872354436_o-1024x577.jpg",525,296,true],"1536x1536":["https:\/\/sp1.imielin.pl\/wp-content\/uploads\/2021\/03\/162814763_1781811458677814_3021513133872354436_o-1536x866.jpg",1536,866,true],"2048x2048":["https:\/\/sp1.imielin.pl\/wp-content\/uploads\/2021\/03\/162814763_1781811458677814_3021513133872354436_o.jpg",2048,1154,false],"gurukul-education-featured-image":["https:\/\/sp1.imielin.pl\/wp-content\/uploads\/2021\/03\/162814763_1781811458677814_3021513133872354436_o-2000x1154.jpg",2000,1154,true],"gurukul-education-thumbnail-avatar":["https:\/\/sp1.imielin.pl\/wp-content\/uploads\/2021\/03\/162814763_1781811458677814_3021513133872354436_o-100x100.jpg",100,100,true]},"uagb_author_info":{"display_name":"Maria Habryka","author_link":"https:\/\/sp1.imielin.pl\/index.php\/author\/maria\/"},"uagb_comment_info":0,"uagb_excerpt":"&#x1f337;&#x1f337;&#x1f337;Blisko 100 uczni\u00f3w klas 1 i 2 wraz z nauczycielami wita\u0142o dzisiaj wiosn\u0119 w radosnym przemarszu ulicami Imielina&#x1f337;&#x1f337;&#x1f337; Dzieci w kolorowych nakryciach g\u0142owy, \u015bpiewaj\u0105c radosne piosenki o wio\u015bnie i daj\u0105c o sobie zna\u0107 grzechotkami, rozdawa\u0142y papierowe kwiaty. 300 kolorowych tulipan\u00f3w trafi\u0142o w r\u0119ce przechodni\u00f3w, sprzedawc\u00f3w, pracownik\u00f3w Urz\u0119du Miasta, poczty czy banku oraz za wycieraczki samochod\u00f3w.&hellip;","_links":{"self":[{"href":"https:\/\/sp1.imielin.pl\/index.php\/wp-json\/wp\/v2\/posts\/11474","targetHints":{"allow":["GET"]}}],"collection":[{"href":"https:\/\/sp1.imielin.pl\/index.php\/wp-json\/wp\/v2\/posts"}],"about":[{"href":"https:\/\/sp1.imielin.pl\/index.php\/wp-json\/wp\/v2\/types\/post"}],"author":[{"embeddable":true,"href":"https:\/\/sp1.imielin.pl\/index.php\/wp-json\/wp\/v2\/users\/2"}],"replies":[{"embeddable":true,"href":"https:\/\/sp1.imielin.pl\/index.php\/wp-json\/wp\/v2\/comments?post=11474"}],"version-history":[{"count":0,"href":"https:\/\/sp1.imielin.pl\/index.php\/wp-json\/wp\/v2\/posts\/11474\/revisions"}],"wp:featuredmedia":[{"embeddable":true,"href":"https:\/\/sp1.imielin.pl\/index.php\/wp-json\/wp\/v2\/media\/11475"}],"wp:attachment":[{"href":"https:\/\/sp1.imielin.pl\/index.php\/wp-json\/wp\/v2\/media?parent=11474"}],"wp:term":[{"taxonomy":"category","embeddable":true,"href":"https:\/\/sp1.imielin.pl\/index.php\/wp-json\/wp\/v2\/categories?post=11474"},{"taxonomy":"post_tag","embeddable":true,"href":"https:\/\/sp1.imielin.pl\/index.php\/wp-json\/wp\/v2\/tags?post=11474"}],"curies":[{"name":"wp","href":"https:\/\/api.w.org\/{rel}","templated":true}]}}