{"id":13114,"date":"2021-12-07T19:19:15","date_gmt":"2021-12-07T18:19:15","guid":{"rendered":"http:\/\/www.sp1.imielin.pl\/?p=13114"},"modified":"2021-12-07T19:19:15","modified_gmt":"2021-12-07T18:19:15","slug":"warsztaty-ze-stowarzyszeniem-epsilon","status":"publish","type":"post","link":"https:\/\/sp1.imielin.pl\/index.php\/2021\/12\/07\/warsztaty-ze-stowarzyszeniem-epsilon\/","title":{"rendered":"Warsztaty ze Stowarzyszeniem EPSILON"},"content":{"rendered":"<p style=\"text-align: justify;\">Wsp\u00f3\u0142praca naszej szko\u0142y z Centrum Edukacji Profilaktyki Stowarzyszenie EPSILON z Bielska Bia\u0142ej trwa ju\u017c kilka lat. W dniu dzisiejszym zrealizowane zosta\u0142y warsztaty dla uczni\u00f3w klasy Ib. Zesp\u00f3\u0142 trener\u00f3w pracowa\u0142 z dzie\u0107mi metodami aktywnego uczestnictwa, technikami narracyjnymi, w tym dram\u0105 brytyjsk\u0105 bazuj\u0105c na wymianie do\u015bwiadcze\u0144 ka\u017cdego ucznia. Zaj\u0119cia mia\u0142y na celu rozwijanie empatii i umiej\u0119tno\u015bci nazywania emocji.<\/p>\n<p style=\"text-align: justify;\"><a href=\"https:\/\/www.facebook.com\/sp1.imielin\/photos\/pcb.1971383783053913\/1971383349720623\/\">FOTORELACJA<\/a><\/p>\n<div class=\"pld-like-dislike-wrap pld-template-2\">\r\n    <div class=\"pld-like-wrap  pld-common-wrap\">\r\n    <a href=\"javascript:void(0)\" class=\"pld-like-trigger pld-like-dislike-trigger  \" title=\"\" data-post-id=\"13114\" data-trigger-type=\"like\" data-restriction=\"cookie\" data-already-liked=\"0\">\r\n                        <i class=\"fas fa-heart\"><\/i>\r\n                <\/a>\r\n    <span class=\"pld-like-count-wrap pld-count-wrap\">    <\/span>\r\n<\/div><\/div>","protected":false},"excerpt":{"rendered":"<p>Wsp\u00f3\u0142praca naszej szko\u0142y z Centrum Edukacji Profilaktyki Stowarzyszenie EPSILON z Bielska Bia\u0142ej trwa ju\u017c kilka lat. W dniu dzisiejszym zrealizowane zosta\u0142y warsztaty dla uczni\u00f3w klasy Ib. Zesp\u00f3\u0142 trener\u00f3w pracowa\u0142 z dzie\u0107mi metodami aktywnego uczestnictwa, technikami narracyjnymi, w tym dram\u0105 brytyjsk\u0105 bazuj\u0105c na wymianie do\u015bwiadcze\u0144 ka\u017cdego ucznia. Zaj\u0119cia mia\u0142y na celu rozwijanie empatii i umiej\u0119tno\u015bci nazywania [&hellip;]<\/p>\n","protected":false},"author":2,"featured_media":13116,"comment_status":"closed","ping_status":"closed","sticky":false,"template":"","format":"standard","meta":{"_uag_custom_page_level_css":"","footnotes":""},"categories":[5],"tags":[],"class_list":["post-13114","post","type-post","status-publish","format-standard","has-post-thumbnail","hentry","category-z-zycia-szkoly"],"uagb_featured_image_src":{"full":["https:\/\/sp1.imielin.pl\/wp-content\/uploads\/2021\/12\/265311975_1971383383053953_8169852349542369008_n-1.jpg",692,519,false],"thumbnail":["https:\/\/sp1.imielin.pl\/wp-content\/uploads\/2021\/12\/265311975_1971383383053953_8169852349542369008_n-1-150x150.jpg",150,150,true],"medium":["https:\/\/sp1.imielin.pl\/wp-content\/uploads\/2021\/12\/265311975_1971383383053953_8169852349542369008_n-1-300x225.jpg",300,225,true],"medium_large":["https:\/\/sp1.imielin.pl\/wp-content\/uploads\/2021\/12\/265311975_1971383383053953_8169852349542369008_n-1.jpg",525,394,false],"large":["https:\/\/sp1.imielin.pl\/wp-content\/uploads\/2021\/12\/265311975_1971383383053953_8169852349542369008_n-1.jpg",525,394,false],"1536x1536":["https:\/\/sp1.imielin.pl\/wp-content\/uploads\/2021\/12\/265311975_1971383383053953_8169852349542369008_n-1.jpg",692,519,false],"2048x2048":["https:\/\/sp1.imielin.pl\/wp-content\/uploads\/2021\/12\/265311975_1971383383053953_8169852349542369008_n-1.jpg",692,519,false],"gurukul-education-featured-image":["https:\/\/sp1.imielin.pl\/wp-content\/uploads\/2021\/12\/265311975_1971383383053953_8169852349542369008_n-1.jpg",692,519,false],"gurukul-education-thumbnail-avatar":["https:\/\/sp1.imielin.pl\/wp-content\/uploads\/2021\/12\/265311975_1971383383053953_8169852349542369008_n-1-100x100.jpg",100,100,true]},"uagb_author_info":{"display_name":"Maria Habryka","author_link":"https:\/\/sp1.imielin.pl\/index.php\/author\/maria\/"},"uagb_comment_info":0,"uagb_excerpt":"Wsp\u00f3\u0142praca naszej szko\u0142y z Centrum Edukacji Profilaktyki Stowarzyszenie EPSILON z Bielska Bia\u0142ej trwa ju\u017c kilka lat. W dniu dzisiejszym zrealizowane zosta\u0142y warsztaty dla uczni\u00f3w klasy Ib. Zesp\u00f3\u0142 trener\u00f3w pracowa\u0142 z dzie\u0107mi metodami aktywnego uczestnictwa, technikami narracyjnymi, w tym dram\u0105 brytyjsk\u0105 bazuj\u0105c na wymianie do\u015bwiadcze\u0144 ka\u017cdego ucznia. Zaj\u0119cia mia\u0142y na celu rozwijanie empatii i umiej\u0119tno\u015bci nazywania&hellip;","_links":{"self":[{"href":"https:\/\/sp1.imielin.pl\/index.php\/wp-json\/wp\/v2\/posts\/13114","targetHints":{"allow":["GET"]}}],"collection":[{"href":"https:\/\/sp1.imielin.pl\/index.php\/wp-json\/wp\/v2\/posts"}],"about":[{"href":"https:\/\/sp1.imielin.pl\/index.php\/wp-json\/wp\/v2\/types\/post"}],"author":[{"embeddable":true,"href":"https:\/\/sp1.imielin.pl\/index.php\/wp-json\/wp\/v2\/users\/2"}],"replies":[{"embeddable":true,"href":"https:\/\/sp1.imielin.pl\/index.php\/wp-json\/wp\/v2\/comments?post=13114"}],"version-history":[{"count":0,"href":"https:\/\/sp1.imielin.pl\/index.php\/wp-json\/wp\/v2\/posts\/13114\/revisions"}],"wp:featuredmedia":[{"embeddable":true,"href":"https:\/\/sp1.imielin.pl\/index.php\/wp-json\/wp\/v2\/media\/13116"}],"wp:attachment":[{"href":"https:\/\/sp1.imielin.pl\/index.php\/wp-json\/wp\/v2\/media?parent=13114"}],"wp:term":[{"taxonomy":"category","embeddable":true,"href":"https:\/\/sp1.imielin.pl\/index.php\/wp-json\/wp\/v2\/categories?post=13114"},{"taxonomy":"post_tag","embeddable":true,"href":"https:\/\/sp1.imielin.pl\/index.php\/wp-json\/wp\/v2\/tags?post=13114"}],"curies":[{"name":"wp","href":"https:\/\/api.w.org\/{rel}","templated":true}]}}