{"id":13733,"date":"2022-03-05T19:55:46","date_gmt":"2022-03-05T18:55:46","guid":{"rendered":"http:\/\/www.sp1.imielin.pl\/?p=13733"},"modified":"2022-03-05T19:55:46","modified_gmt":"2022-03-05T18:55:46","slug":"projekt-lyk-dla-zdrowia","status":"publish","type":"post","link":"https:\/\/sp1.imielin.pl\/index.php\/2022\/03\/05\/projekt-lyk-dla-zdrowia\/","title":{"rendered":"Projekt &#8222;\u0141yk dla zdrowia&#8221;"},"content":{"rendered":"<p style=\"text-align: justify;\">Projekt &#8222;\u0141yk do zdrowia&#8221; po\u015bwi\u0119cony jest u\u015bwiadamianiu dzieci i m\u0142odzie\u017cy o istocie picia odpowiedniej ilo\u015bci wody. Ile wody nale\u017cy pi\u0107, aby nasz organizm dobrze funkcjonowa\u0142? Co si\u0119 dzieje, kiedy jeste\u015bmy odwodnieni? O jakich porach nale\u017cy pi\u0107? Jakie s\u0105 sposoby na picie wi\u0119kszej ilo\u015bci wody oraz co si\u0119 dzieje, kiedy jeste\u015bmy odwodnieni? Odpowiedzi na te i inne pytania poznali dzisiaj uczniowie wszystkich naszych klas uczestnicz\u0105c w warsztatach przeprowadzonych przez uczni\u00f3w trzech szk\u00f3\u0142:<br \/>\n&#x1f4a6;II Liceum Og\u00f3lnokszta\u0142c\u0105ce z Oddzia\u0142ami Dwuj\u0119zycznymi im. Marii Konopnickiej w Katowicach,<br \/>\n&#x1f4a6;VIII Liceum Og\u00f3lnokszta\u0142c\u0105ce im. Marii Sk\u0142odowskiej-Curie w Katowicach,<br \/>\n&#x1f4a6;Liceum Og\u00f3lnokszta\u0142c\u0105ce im. Stanis\u0142awa Konarskiego. Nasi uczniowie wzi\u0119li tak\u017ce udzia\u0142 w quizie zwi\u0105zanym z wod\u0105 i otrzymali nagrody w postaci butelek filtruj\u0105cych. &#x1f4a6;&#x1f4a6;&#x1f4a6;&#x1f4a6;&#x1f4a6;&#x1f4a6;&#x1f4a6;&#x1f4a6;<\/p>\n<p style=\"text-align: justify;\"><a href=\"https:\/\/www.facebook.com\/sp1.imielin\/photos\/pcb.2032536850271939\/2032534070272217\/\">FOTORELACJA<\/a><\/p>\n<div class=\"pld-like-dislike-wrap pld-template-2\">\r\n    <div class=\"pld-like-wrap  pld-common-wrap\">\r\n    <a href=\"javascript:void(0)\" class=\"pld-like-trigger pld-like-dislike-trigger  \" title=\"\" data-post-id=\"13733\" data-trigger-type=\"like\" data-restriction=\"cookie\" data-already-liked=\"0\">\r\n                        <i class=\"fas fa-heart\"><\/i>\r\n                <\/a>\r\n    <span class=\"pld-like-count-wrap pld-count-wrap\">    <\/span>\r\n<\/div><\/div>","protected":false},"excerpt":{"rendered":"<p>Projekt &#8222;\u0141yk do zdrowia&#8221; po\u015bwi\u0119cony jest u\u015bwiadamianiu dzieci i m\u0142odzie\u017cy o istocie picia odpowiedniej ilo\u015bci wody. Ile wody nale\u017cy pi\u0107, aby nasz organizm dobrze funkcjonowa\u0142? Co si\u0119 dzieje, kiedy jeste\u015bmy odwodnieni? O jakich porach nale\u017cy pi\u0107? Jakie s\u0105 sposoby na picie wi\u0119kszej ilo\u015bci wody oraz co si\u0119 dzieje, kiedy jeste\u015bmy odwodnieni? Odpowiedzi na te i [&hellip;]<\/p>\n","protected":false},"author":2,"featured_media":13734,"comment_status":"closed","ping_status":"closed","sticky":false,"template":"","format":"standard","meta":{"_uag_custom_page_level_css":"","footnotes":""},"categories":[5],"tags":[],"class_list":["post-13733","post","type-post","status-publish","format-standard","has-post-thumbnail","hentry","category-z-zycia-szkoly"],"uagb_featured_image_src":{"full":["https:\/\/sp1.imielin.pl\/wp-content\/uploads\/2022\/03\/275221876_2032537000271924_2144269804565244342_n.jpg",563,422,false],"thumbnail":["https:\/\/sp1.imielin.pl\/wp-content\/uploads\/2022\/03\/275221876_2032537000271924_2144269804565244342_n-150x150.jpg",150,150,true],"medium":["https:\/\/sp1.imielin.pl\/wp-content\/uploads\/2022\/03\/275221876_2032537000271924_2144269804565244342_n-300x225.jpg",300,225,true],"medium_large":["https:\/\/sp1.imielin.pl\/wp-content\/uploads\/2022\/03\/275221876_2032537000271924_2144269804565244342_n.jpg",525,394,false],"large":["https:\/\/sp1.imielin.pl\/wp-content\/uploads\/2022\/03\/275221876_2032537000271924_2144269804565244342_n.jpg",525,394,false],"1536x1536":["https:\/\/sp1.imielin.pl\/wp-content\/uploads\/2022\/03\/275221876_2032537000271924_2144269804565244342_n.jpg",563,422,false],"2048x2048":["https:\/\/sp1.imielin.pl\/wp-content\/uploads\/2022\/03\/275221876_2032537000271924_2144269804565244342_n.jpg",563,422,false],"gurukul-education-featured-image":["https:\/\/sp1.imielin.pl\/wp-content\/uploads\/2022\/03\/275221876_2032537000271924_2144269804565244342_n.jpg",563,422,false],"gurukul-education-thumbnail-avatar":["https:\/\/sp1.imielin.pl\/wp-content\/uploads\/2022\/03\/275221876_2032537000271924_2144269804565244342_n-100x100.jpg",100,100,true]},"uagb_author_info":{"display_name":"Maria Habryka","author_link":"https:\/\/sp1.imielin.pl\/index.php\/author\/maria\/"},"uagb_comment_info":0,"uagb_excerpt":"Projekt &#8222;\u0141yk do zdrowia&#8221; po\u015bwi\u0119cony jest u\u015bwiadamianiu dzieci i m\u0142odzie\u017cy o istocie picia odpowiedniej ilo\u015bci wody. Ile wody nale\u017cy pi\u0107, aby nasz organizm dobrze funkcjonowa\u0142? Co si\u0119 dzieje, kiedy jeste\u015bmy odwodnieni? O jakich porach nale\u017cy pi\u0107? Jakie s\u0105 sposoby na picie wi\u0119kszej ilo\u015bci wody oraz co si\u0119 dzieje, kiedy jeste\u015bmy odwodnieni? Odpowiedzi na te i&hellip;","_links":{"self":[{"href":"https:\/\/sp1.imielin.pl\/index.php\/wp-json\/wp\/v2\/posts\/13733","targetHints":{"allow":["GET"]}}],"collection":[{"href":"https:\/\/sp1.imielin.pl\/index.php\/wp-json\/wp\/v2\/posts"}],"about":[{"href":"https:\/\/sp1.imielin.pl\/index.php\/wp-json\/wp\/v2\/types\/post"}],"author":[{"embeddable":true,"href":"https:\/\/sp1.imielin.pl\/index.php\/wp-json\/wp\/v2\/users\/2"}],"replies":[{"embeddable":true,"href":"https:\/\/sp1.imielin.pl\/index.php\/wp-json\/wp\/v2\/comments?post=13733"}],"version-history":[{"count":0,"href":"https:\/\/sp1.imielin.pl\/index.php\/wp-json\/wp\/v2\/posts\/13733\/revisions"}],"wp:featuredmedia":[{"embeddable":true,"href":"https:\/\/sp1.imielin.pl\/index.php\/wp-json\/wp\/v2\/media\/13734"}],"wp:attachment":[{"href":"https:\/\/sp1.imielin.pl\/index.php\/wp-json\/wp\/v2\/media?parent=13733"}],"wp:term":[{"taxonomy":"category","embeddable":true,"href":"https:\/\/sp1.imielin.pl\/index.php\/wp-json\/wp\/v2\/categories?post=13733"},{"taxonomy":"post_tag","embeddable":true,"href":"https:\/\/sp1.imielin.pl\/index.php\/wp-json\/wp\/v2\/tags?post=13733"}],"curies":[{"name":"wp","href":"https:\/\/api.w.org\/{rel}","templated":true}]}}