{"id":13736,"date":"2022-03-05T20:01:57","date_gmt":"2022-03-05T19:01:57","guid":{"rendered":"http:\/\/www.sp1.imielin.pl\/?p=13736"},"modified":"2022-03-05T20:01:57","modified_gmt":"2022-03-05T19:01:57","slug":"dzien-otwarty","status":"publish","type":"post","link":"https:\/\/sp1.imielin.pl\/index.php\/2022\/03\/05\/dzien-otwarty\/","title":{"rendered":"Dzie\u0144 otwarty"},"content":{"rendered":"<p>Tak wygl\u0105da\u0142 DZIE\u0143 OTWARTY w naszej szkole. Cieszymy si\u0119 z ka\u017cdej u\u015bmiechni\u0119tej bu\u017aki \u263a\ufe0f<br \/>\nDzi\u0119kujemy wszystkim Go\u015bciom za przybycie i mamy nadziej\u0119, \u017ce pobyt w SP1 spe\u0142ni\u0142 Wasze oczekiwania.<br \/>\nDo zobaczenia, ju\u017c we wrze\u015bniu  <\/p>\n<p><a href=\"https:\/\/www.facebook.com\/sp1.imielin\/videos\/1010657016197851\">FILM<\/a><\/p>\n<div class=\"pld-like-dislike-wrap pld-template-2\">\r\n    <div class=\"pld-like-wrap  pld-common-wrap\">\r\n    <a href=\"javascript:void(0)\" class=\"pld-like-trigger pld-like-dislike-trigger  \" title=\"\" data-post-id=\"13736\" data-trigger-type=\"like\" data-restriction=\"cookie\" data-already-liked=\"0\">\r\n                        <i class=\"fas fa-heart\"><\/i>\r\n                <\/a>\r\n    <span class=\"pld-like-count-wrap pld-count-wrap\">    <\/span>\r\n<\/div><\/div>","protected":false},"excerpt":{"rendered":"<p>Tak wygl\u0105da\u0142 DZIE\u0143 OTWARTY w naszej szkole. Cieszymy si\u0119 z ka\u017cdej u\u015bmiechni\u0119tej bu\u017aki \u263a\ufe0f Dzi\u0119kujemy wszystkim Go\u015bciom za przybycie i mamy nadziej\u0119, \u017ce pobyt w SP1 spe\u0142ni\u0142 Wasze oczekiwania. Do zobaczenia, ju\u017c we wrze\u015bniu FILM<\/p>\n","protected":false},"author":2,"featured_media":13737,"comment_status":"closed","ping_status":"closed","sticky":false,"template":"","format":"standard","meta":{"_uag_custom_page_level_css":"","footnotes":""},"categories":[5],"tags":[],"class_list":["post-13736","post","type-post","status-publish","format-standard","has-post-thumbnail","hentry","category-z-zycia-szkoly"],"uagb_featured_image_src":{"full":["https:\/\/sp1.imielin.pl\/wp-content\/uploads\/2022\/03\/deerr.png",469,451,false],"thumbnail":["https:\/\/sp1.imielin.pl\/wp-content\/uploads\/2022\/03\/deerr-150x150.png",150,150,true],"medium":["https:\/\/sp1.imielin.pl\/wp-content\/uploads\/2022\/03\/deerr-300x288.png",300,288,true],"medium_large":["https:\/\/sp1.imielin.pl\/wp-content\/uploads\/2022\/03\/deerr.png",469,451,false],"large":["https:\/\/sp1.imielin.pl\/wp-content\/uploads\/2022\/03\/deerr.png",469,451,false],"1536x1536":["https:\/\/sp1.imielin.pl\/wp-content\/uploads\/2022\/03\/deerr.png",469,451,false],"2048x2048":["https:\/\/sp1.imielin.pl\/wp-content\/uploads\/2022\/03\/deerr.png",469,451,false],"gurukul-education-featured-image":["https:\/\/sp1.imielin.pl\/wp-content\/uploads\/2022\/03\/deerr.png",469,451,false],"gurukul-education-thumbnail-avatar":["https:\/\/sp1.imielin.pl\/wp-content\/uploads\/2022\/03\/deerr-100x100.png",100,100,true]},"uagb_author_info":{"display_name":"Maria Habryka","author_link":"https:\/\/sp1.imielin.pl\/index.php\/author\/maria\/"},"uagb_comment_info":0,"uagb_excerpt":"Tak wygl\u0105da\u0142 DZIE\u0143 OTWARTY w naszej szkole. Cieszymy si\u0119 z ka\u017cdej u\u015bmiechni\u0119tej bu\u017aki \u263a\ufe0f Dzi\u0119kujemy wszystkim Go\u015bciom za przybycie i mamy nadziej\u0119, \u017ce pobyt w SP1 spe\u0142ni\u0142 Wasze oczekiwania. Do zobaczenia, ju\u017c we wrze\u015bniu FILM","_links":{"self":[{"href":"https:\/\/sp1.imielin.pl\/index.php\/wp-json\/wp\/v2\/posts\/13736","targetHints":{"allow":["GET"]}}],"collection":[{"href":"https:\/\/sp1.imielin.pl\/index.php\/wp-json\/wp\/v2\/posts"}],"about":[{"href":"https:\/\/sp1.imielin.pl\/index.php\/wp-json\/wp\/v2\/types\/post"}],"author":[{"embeddable":true,"href":"https:\/\/sp1.imielin.pl\/index.php\/wp-json\/wp\/v2\/users\/2"}],"replies":[{"embeddable":true,"href":"https:\/\/sp1.imielin.pl\/index.php\/wp-json\/wp\/v2\/comments?post=13736"}],"version-history":[{"count":0,"href":"https:\/\/sp1.imielin.pl\/index.php\/wp-json\/wp\/v2\/posts\/13736\/revisions"}],"wp:featuredmedia":[{"embeddable":true,"href":"https:\/\/sp1.imielin.pl\/index.php\/wp-json\/wp\/v2\/media\/13737"}],"wp:attachment":[{"href":"https:\/\/sp1.imielin.pl\/index.php\/wp-json\/wp\/v2\/media?parent=13736"}],"wp:term":[{"taxonomy":"category","embeddable":true,"href":"https:\/\/sp1.imielin.pl\/index.php\/wp-json\/wp\/v2\/categories?post=13736"},{"taxonomy":"post_tag","embeddable":true,"href":"https:\/\/sp1.imielin.pl\/index.php\/wp-json\/wp\/v2\/tags?post=13736"}],"curies":[{"name":"wp","href":"https:\/\/api.w.org\/{rel}","templated":true}]}}