{"id":13758,"date":"2022-03-10T22:48:35","date_gmt":"2022-03-10T21:48:35","guid":{"rendered":"http:\/\/www.sp1.imielin.pl\/?p=13758"},"modified":"2022-03-10T22:48:35","modified_gmt":"2022-03-10T21:48:35","slug":"smacznie-zdrowokolorowo-robimy-kanapki","status":"publish","type":"post","link":"https:\/\/sp1.imielin.pl\/index.php\/2022\/03\/10\/smacznie-zdrowokolorowo-robimy-kanapki\/","title":{"rendered":"Smacznie, zdrowo,kolorowo&#8230; Robimy kanapki"},"content":{"rendered":"<p style=\"text-align: justify;\">Uczniowie klas drugich przynie\u015bli do szko\u0142y potrzebne produkty i przygotowali smaczne, pe\u0142ne witamin kanapki. Praca przynios\u0142a wszystkim wiele rado\u015bci. Dzieci przekona\u0142y si\u0119, \u017ce najlepiej smakuj\u0105 kanapki wykonane w\u0142asnor\u0119cznie. Wiedz\u0105, jakie korzy\u015bci wynikaj\u0105 ze spo\u017cywania drugiego \u015bniadania. Zaj\u0119cia by\u0142y \u201cbardzo smaczne\u201d.<\/p>\n<p style=\"text-align: justify;\"><a href=\"https:\/\/www.facebook.com\/sp1.imielin\/photos\/pcb.2036889329836691\/2036888719836752\/\">FOTORELACJA<\/a><\/p>\n<div class=\"pld-like-dislike-wrap pld-template-2\">\r\n    <div class=\"pld-like-wrap  pld-common-wrap\">\r\n    <a href=\"javascript:void(0)\" class=\"pld-like-trigger pld-like-dislike-trigger  \" title=\"\" data-post-id=\"13758\" data-trigger-type=\"like\" data-restriction=\"cookie\" data-already-liked=\"0\">\r\n                        <i class=\"fas fa-heart\"><\/i>\r\n                <\/a>\r\n    <span class=\"pld-like-count-wrap pld-count-wrap\">    <\/span>\r\n<\/div><\/div>","protected":false},"excerpt":{"rendered":"<p>Uczniowie klas drugich przynie\u015bli do szko\u0142y potrzebne produkty i przygotowali smaczne, pe\u0142ne witamin kanapki. Praca przynios\u0142a wszystkim wiele rado\u015bci. Dzieci przekona\u0142y si\u0119, \u017ce najlepiej smakuj\u0105 kanapki wykonane w\u0142asnor\u0119cznie. Wiedz\u0105, jakie korzy\u015bci wynikaj\u0105 ze spo\u017cywania drugiego \u015bniadania. Zaj\u0119cia by\u0142y \u201cbardzo smaczne\u201d. FOTORELACJA<\/p>\n","protected":false},"author":2,"featured_media":13759,"comment_status":"closed","ping_status":"closed","sticky":false,"template":"","format":"standard","meta":{"_uag_custom_page_level_css":"","footnotes":""},"categories":[5],"tags":[],"class_list":["post-13758","post","type-post","status-publish","format-standard","has-post-thumbnail","hentry","category-z-zycia-szkoly"],"uagb_featured_image_src":{"full":["https:\/\/sp1.imielin.pl\/wp-content\/uploads\/2022\/03\/Bez-tytuA_uggg.png",374,169,false],"thumbnail":["https:\/\/sp1.imielin.pl\/wp-content\/uploads\/2022\/03\/Bez-tytuA_uggg-150x150.png",150,150,true],"medium":["https:\/\/sp1.imielin.pl\/wp-content\/uploads\/2022\/03\/Bez-tytuA_uggg-300x136.png",300,136,true],"medium_large":["https:\/\/sp1.imielin.pl\/wp-content\/uploads\/2022\/03\/Bez-tytuA_uggg.png",374,169,false],"large":["https:\/\/sp1.imielin.pl\/wp-content\/uploads\/2022\/03\/Bez-tytuA_uggg.png",374,169,false],"1536x1536":["https:\/\/sp1.imielin.pl\/wp-content\/uploads\/2022\/03\/Bez-tytuA_uggg.png",374,169,false],"2048x2048":["https:\/\/sp1.imielin.pl\/wp-content\/uploads\/2022\/03\/Bez-tytuA_uggg.png",374,169,false],"gurukul-education-featured-image":["https:\/\/sp1.imielin.pl\/wp-content\/uploads\/2022\/03\/Bez-tytuA_uggg.png",374,169,false],"gurukul-education-thumbnail-avatar":["https:\/\/sp1.imielin.pl\/wp-content\/uploads\/2022\/03\/Bez-tytuA_uggg-100x100.png",100,100,true]},"uagb_author_info":{"display_name":"Maria Habryka","author_link":"https:\/\/sp1.imielin.pl\/index.php\/author\/maria\/"},"uagb_comment_info":0,"uagb_excerpt":"Uczniowie klas drugich przynie\u015bli do szko\u0142y potrzebne produkty i przygotowali smaczne, pe\u0142ne witamin kanapki. Praca przynios\u0142a wszystkim wiele rado\u015bci. Dzieci przekona\u0142y si\u0119, \u017ce najlepiej smakuj\u0105 kanapki wykonane w\u0142asnor\u0119cznie. Wiedz\u0105, jakie korzy\u015bci wynikaj\u0105 ze spo\u017cywania drugiego \u015bniadania. Zaj\u0119cia by\u0142y \u201cbardzo smaczne\u201d. FOTORELACJA","_links":{"self":[{"href":"https:\/\/sp1.imielin.pl\/index.php\/wp-json\/wp\/v2\/posts\/13758","targetHints":{"allow":["GET"]}}],"collection":[{"href":"https:\/\/sp1.imielin.pl\/index.php\/wp-json\/wp\/v2\/posts"}],"about":[{"href":"https:\/\/sp1.imielin.pl\/index.php\/wp-json\/wp\/v2\/types\/post"}],"author":[{"embeddable":true,"href":"https:\/\/sp1.imielin.pl\/index.php\/wp-json\/wp\/v2\/users\/2"}],"replies":[{"embeddable":true,"href":"https:\/\/sp1.imielin.pl\/index.php\/wp-json\/wp\/v2\/comments?post=13758"}],"version-history":[{"count":0,"href":"https:\/\/sp1.imielin.pl\/index.php\/wp-json\/wp\/v2\/posts\/13758\/revisions"}],"wp:featuredmedia":[{"embeddable":true,"href":"https:\/\/sp1.imielin.pl\/index.php\/wp-json\/wp\/v2\/media\/13759"}],"wp:attachment":[{"href":"https:\/\/sp1.imielin.pl\/index.php\/wp-json\/wp\/v2\/media?parent=13758"}],"wp:term":[{"taxonomy":"category","embeddable":true,"href":"https:\/\/sp1.imielin.pl\/index.php\/wp-json\/wp\/v2\/categories?post=13758"},{"taxonomy":"post_tag","embeddable":true,"href":"https:\/\/sp1.imielin.pl\/index.php\/wp-json\/wp\/v2\/tags?post=13758"}],"curies":[{"name":"wp","href":"https:\/\/api.w.org\/{rel}","templated":true}]}}