{"id":14185,"date":"2022-05-11T15:45:41","date_gmt":"2022-05-11T13:45:41","guid":{"rendered":"http:\/\/www.sp1.imielin.pl\/?p=14185"},"modified":"2022-05-11T15:45:41","modified_gmt":"2022-05-11T13:45:41","slug":"spotkanie-autorskie-z-panem-tomem-justyniarskim-2","status":"publish","type":"post","link":"https:\/\/sp1.imielin.pl\/index.php\/2022\/05\/11\/spotkanie-autorskie-z-panem-tomem-justyniarskim-2\/","title":{"rendered":"Spotkanie autorskie z panem Tomem Justyniarskim"},"content":{"rendered":"<p>Uczniowie klas najm\u0142odszych wzi\u0119li udzia\u0142 w niezwykle ciekawym spotkaniu autorskim, a jego go\u015bciem by\u0142 Tom Justyniarski &#8211; autor nowej lektury szkolnej.<br \/>\nPan Justyniarski jest rzecznikiem prasowym Towarzystwa Obrony Zwierz\u0105t, pedagogiem, trenerem, podr\u00f3\u017cnikiem, a przede wszystkim mi\u0142o\u015bnikiem zwierz\u0105t. Jest r\u00f3wnie\u017c pomys\u0142odawc\u0105 pierwszego w Polsce i w Europie \u201eOkienka \u017bycia dla zwierz\u0105t&#8221;.<br \/>\nSwoje obserwacje \u015bwiata zwierz\u0105t postanowi\u0142 spisa\u0107 na kartach ksi\u0105\u017cki pt. \u201ePsie Troski&#8230; czyli o wielkiej przyja\u017ani na dwa serca i cztery \u0142apy&#8221;, kt\u00f3r\u0105 w konkursie Ministerstwa Edukacji Narodowej rodzice i nauczyciele uznali za najlepsz\u0105.<br \/>\nPodczas spotkania autorowi towarzyszy\u0142a ma\u0142a suczka o imieniu Lusia. Dzieci by\u0142y zachwycone obecno\u015bci\u0105 pieska. Pisarz uczy\u0142 psiego j\u0119zyka, t\u0142umaczy\u0142, \u017ce cz\u0142owiek jest odpowiedzialny za swego pupila i powinien go traktowa\u0107 jak cz\u0142onka rodziny. Wielokrotnie powtarza\u0142 uczniom wa\u017cne has\u0142o, kt\u00f3re sta\u0142o si\u0119 przes\u0142aniem jego spotka\u0144: ZWIERZ\u0118TA TO NASZA RODZINA.<br \/>\nNa zako\u0144czenie ka\u017cda klasa zrobi\u0142a sobie pami\u0105tkowe zdj\u0119cie z autorem Psich trosk oraz Lusi\u0105. Ka\u017cdy te\u017c m\u00f3g\u0142 zakupi\u0107 lektur\u0119 i zdoby\u0107 autograf pisarza. W szkolnej bibliotece czeka na Was ta ksi\u0105\u017cka. Zapraszamy do czytania.<\/p>\n<p><a href=\"https:\/\/www.facebook.com\/photo?fbid=475868404304915&amp;set=pcb.475869487638140\">FOTORELACJA<\/a><\/p>\n<div class=\"pld-like-dislike-wrap pld-template-2\">\r\n    <div class=\"pld-like-wrap  pld-common-wrap\">\r\n    <a href=\"javascript:void(0)\" class=\"pld-like-trigger pld-like-dislike-trigger  \" title=\"\" data-post-id=\"14185\" data-trigger-type=\"like\" data-restriction=\"cookie\" data-already-liked=\"0\">\r\n                        <i class=\"fas fa-heart\"><\/i>\r\n                <\/a>\r\n    <span class=\"pld-like-count-wrap pld-count-wrap\">    <\/span>\r\n<\/div><\/div>","protected":false},"excerpt":{"rendered":"<p>Uczniowie klas najm\u0142odszych wzi\u0119li udzia\u0142 w niezwykle ciekawym spotkaniu autorskim, a jego go\u015bciem by\u0142 Tom Justyniarski &#8211; autor nowej lektury szkolnej. Pan Justyniarski jest rzecznikiem prasowym Towarzystwa Obrony Zwierz\u0105t, pedagogiem, trenerem, podr\u00f3\u017cnikiem, a przede wszystkim mi\u0142o\u015bnikiem zwierz\u0105t. Jest r\u00f3wnie\u017c pomys\u0142odawc\u0105 pierwszego w Polsce i w Europie \u201eOkienka \u017bycia dla zwierz\u0105t&#8221;. Swoje obserwacje \u015bwiata zwierz\u0105t postanowi\u0142 [&hellip;]<\/p>\n","protected":false},"author":2,"featured_media":14186,"comment_status":"closed","ping_status":"closed","sticky":false,"template":"","format":"standard","meta":{"_uag_custom_page_level_css":"","footnotes":""},"categories":[5],"tags":[],"class_list":["post-14185","post","type-post","status-publish","format-standard","has-post-thumbnail","hentry","category-z-zycia-szkoly"],"uagb_featured_image_src":{"full":["https:\/\/sp1.imielin.pl\/wp-content\/uploads\/2022\/05\/280194379_475868630971559_4768806649549254373_n.jpg",480,360,false],"thumbnail":["https:\/\/sp1.imielin.pl\/wp-content\/uploads\/2022\/05\/280194379_475868630971559_4768806649549254373_n-150x150.jpg",150,150,true],"medium":["https:\/\/sp1.imielin.pl\/wp-content\/uploads\/2022\/05\/280194379_475868630971559_4768806649549254373_n-300x225.jpg",300,225,true],"medium_large":["https:\/\/sp1.imielin.pl\/wp-content\/uploads\/2022\/05\/280194379_475868630971559_4768806649549254373_n.jpg",480,360,false],"large":["https:\/\/sp1.imielin.pl\/wp-content\/uploads\/2022\/05\/280194379_475868630971559_4768806649549254373_n.jpg",480,360,false],"1536x1536":["https:\/\/sp1.imielin.pl\/wp-content\/uploads\/2022\/05\/280194379_475868630971559_4768806649549254373_n.jpg",480,360,false],"2048x2048":["https:\/\/sp1.imielin.pl\/wp-content\/uploads\/2022\/05\/280194379_475868630971559_4768806649549254373_n.jpg",480,360,false],"gurukul-education-featured-image":["https:\/\/sp1.imielin.pl\/wp-content\/uploads\/2022\/05\/280194379_475868630971559_4768806649549254373_n.jpg",480,360,false],"gurukul-education-thumbnail-avatar":["https:\/\/sp1.imielin.pl\/wp-content\/uploads\/2022\/05\/280194379_475868630971559_4768806649549254373_n-100x100.jpg",100,100,true]},"uagb_author_info":{"display_name":"Maria Habryka","author_link":"https:\/\/sp1.imielin.pl\/index.php\/author\/maria\/"},"uagb_comment_info":0,"uagb_excerpt":"Uczniowie klas najm\u0142odszych wzi\u0119li udzia\u0142 w niezwykle ciekawym spotkaniu autorskim, a jego go\u015bciem by\u0142 Tom Justyniarski &#8211; autor nowej lektury szkolnej. Pan Justyniarski jest rzecznikiem prasowym Towarzystwa Obrony Zwierz\u0105t, pedagogiem, trenerem, podr\u00f3\u017cnikiem, a przede wszystkim mi\u0142o\u015bnikiem zwierz\u0105t. Jest r\u00f3wnie\u017c pomys\u0142odawc\u0105 pierwszego w Polsce i w Europie \u201eOkienka \u017bycia dla zwierz\u0105t&#8221;. Swoje obserwacje \u015bwiata zwierz\u0105t postanowi\u0142&hellip;","_links":{"self":[{"href":"https:\/\/sp1.imielin.pl\/index.php\/wp-json\/wp\/v2\/posts\/14185","targetHints":{"allow":["GET"]}}],"collection":[{"href":"https:\/\/sp1.imielin.pl\/index.php\/wp-json\/wp\/v2\/posts"}],"about":[{"href":"https:\/\/sp1.imielin.pl\/index.php\/wp-json\/wp\/v2\/types\/post"}],"author":[{"embeddable":true,"href":"https:\/\/sp1.imielin.pl\/index.php\/wp-json\/wp\/v2\/users\/2"}],"replies":[{"embeddable":true,"href":"https:\/\/sp1.imielin.pl\/index.php\/wp-json\/wp\/v2\/comments?post=14185"}],"version-history":[{"count":0,"href":"https:\/\/sp1.imielin.pl\/index.php\/wp-json\/wp\/v2\/posts\/14185\/revisions"}],"wp:featuredmedia":[{"embeddable":true,"href":"https:\/\/sp1.imielin.pl\/index.php\/wp-json\/wp\/v2\/media\/14186"}],"wp:attachment":[{"href":"https:\/\/sp1.imielin.pl\/index.php\/wp-json\/wp\/v2\/media?parent=14185"}],"wp:term":[{"taxonomy":"category","embeddable":true,"href":"https:\/\/sp1.imielin.pl\/index.php\/wp-json\/wp\/v2\/categories?post=14185"},{"taxonomy":"post_tag","embeddable":true,"href":"https:\/\/sp1.imielin.pl\/index.php\/wp-json\/wp\/v2\/tags?post=14185"}],"curies":[{"name":"wp","href":"https:\/\/api.w.org\/{rel}","templated":true}]}}