{"id":17081,"date":"2023-09-13T23:45:00","date_gmt":"2023-09-13T21:45:00","guid":{"rendered":"http:\/\/www.sp1.imielin.pl\/?p=17081"},"modified":"2023-09-13T23:45:00","modified_gmt":"2023-09-13T21:45:00","slug":"rada-rodzicow","status":"publish","type":"post","link":"https:\/\/sp1.imielin.pl\/index.php\/2023\/09\/13\/rada-rodzicow\/","title":{"rendered":"Rada Rodzic\u00f3w"},"content":{"rendered":"<p style=\"text-align: justify;\">Za nami pierwsze spotkania z rodzicami uczni\u00f3w, podczas kt\u00f3rych poprzez g\u0142osowanie wy\u0142oniono cz\u0142onk\u00f3w klasowych Rad Rodzic\u00f3w. Wczoraj odby\u0142o si\u0119 zebranie przewodnicz\u0105cych wszystkich tzw. tr\u00f3jek klasowych i wybrano szkoln\u0105 Rad\u0119 Rodzic\u00f3w. Serdecznie dzi\u0119kujemy wszystkim osobom, kt\u00f3re zgodzi\u0142y si\u0119 pe\u0142ni\u0107 funkcje przewodnicz\u0105cych, zast\u0119pc\u00f3w i skarbnik\u00f3w. Pa\u0144stwa g\u0142os jest dla nas bardzo wa\u017cny, liczymy na serdeczn\u0105 i owocn\u0105 wsp\u00f3\u0142prac\u0119, bo przecie\u017c szko\u0142a to nasza wsp\u00f3lna sprawa.<\/p>\n<p style=\"text-align: justify;\">Przedstawiamy cz\u0142onk\u00f3w klasowych i szkolnej Rady Rodzic\u00f3w &#8211; <a href=\"https:\/\/www.facebook.com\/photo?fbid=832103918681360&amp;set=pcb.832103975348021\">LINK<\/a>.<\/p>\n<p style=\"text-align: justify;\">\n<div class=\"pld-like-dislike-wrap pld-template-2\">\r\n    <div class=\"pld-like-wrap  pld-common-wrap\">\r\n    <a href=\"javascript:void(0)\" class=\"pld-like-trigger pld-like-dislike-trigger  \" title=\"\" data-post-id=\"17081\" data-trigger-type=\"like\" data-restriction=\"cookie\" data-already-liked=\"0\">\r\n                        <i class=\"fas fa-heart\"><\/i>\r\n                <\/a>\r\n    <span class=\"pld-like-count-wrap pld-count-wrap\">    <\/span>\r\n<\/div><\/div>","protected":false},"excerpt":{"rendered":"<p>Za nami pierwsze spotkania z rodzicami uczni\u00f3w, podczas kt\u00f3rych poprzez g\u0142osowanie wy\u0142oniono cz\u0142onk\u00f3w klasowych Rad Rodzic\u00f3w. Wczoraj odby\u0142o si\u0119 zebranie przewodnicz\u0105cych wszystkich tzw. tr\u00f3jek klasowych i wybrano szkoln\u0105 Rad\u0119 Rodzic\u00f3w. Serdecznie dzi\u0119kujemy wszystkim osobom, kt\u00f3re zgodzi\u0142y si\u0119 pe\u0142ni\u0107 funkcje przewodnicz\u0105cych, zast\u0119pc\u00f3w i skarbnik\u00f3w. Pa\u0144stwa g\u0142os jest dla nas bardzo wa\u017cny, liczymy na serdeczn\u0105 i owocn\u0105 [&hellip;]<\/p>\n","protected":false},"author":2,"featured_media":15531,"comment_status":"closed","ping_status":"closed","sticky":false,"template":"","format":"standard","meta":{"_uag_custom_page_level_css":"","footnotes":""},"categories":[4],"tags":[],"class_list":["post-17081","post","type-post","status-publish","format-standard","has-post-thumbnail","hentry","category-informacje"],"uagb_featured_image_src":{"full":["https:\/\/sp1.imielin.pl\/wp-content\/uploads\/2022\/12\/20190913160521_uwaga-1.jpg",750,500,false],"thumbnail":["https:\/\/sp1.imielin.pl\/wp-content\/uploads\/2022\/12\/20190913160521_uwaga-1-150x150.jpg",150,150,true],"medium":["https:\/\/sp1.imielin.pl\/wp-content\/uploads\/2022\/12\/20190913160521_uwaga-1-300x200.jpg",300,200,true],"medium_large":["https:\/\/sp1.imielin.pl\/wp-content\/uploads\/2022\/12\/20190913160521_uwaga-1.jpg",525,350,false],"large":["https:\/\/sp1.imielin.pl\/wp-content\/uploads\/2022\/12\/20190913160521_uwaga-1.jpg",525,350,false],"1536x1536":["https:\/\/sp1.imielin.pl\/wp-content\/uploads\/2022\/12\/20190913160521_uwaga-1.jpg",750,500,false],"2048x2048":["https:\/\/sp1.imielin.pl\/wp-content\/uploads\/2022\/12\/20190913160521_uwaga-1.jpg",750,500,false],"gurukul-education-featured-image":["https:\/\/sp1.imielin.pl\/wp-content\/uploads\/2022\/12\/20190913160521_uwaga-1.jpg",750,500,false],"gurukul-education-thumbnail-avatar":["https:\/\/sp1.imielin.pl\/wp-content\/uploads\/2022\/12\/20190913160521_uwaga-1-100x100.jpg",100,100,true]},"uagb_author_info":{"display_name":"Maria Habryka","author_link":"https:\/\/sp1.imielin.pl\/index.php\/author\/maria\/"},"uagb_comment_info":0,"uagb_excerpt":"Za nami pierwsze spotkania z rodzicami uczni\u00f3w, podczas kt\u00f3rych poprzez g\u0142osowanie wy\u0142oniono cz\u0142onk\u00f3w klasowych Rad Rodzic\u00f3w. Wczoraj odby\u0142o si\u0119 zebranie przewodnicz\u0105cych wszystkich tzw. tr\u00f3jek klasowych i wybrano szkoln\u0105 Rad\u0119 Rodzic\u00f3w. Serdecznie dzi\u0119kujemy wszystkim osobom, kt\u00f3re zgodzi\u0142y si\u0119 pe\u0142ni\u0107 funkcje przewodnicz\u0105cych, zast\u0119pc\u00f3w i skarbnik\u00f3w. Pa\u0144stwa g\u0142os jest dla nas bardzo wa\u017cny, liczymy na serdeczn\u0105 i owocn\u0105&hellip;","_links":{"self":[{"href":"https:\/\/sp1.imielin.pl\/index.php\/wp-json\/wp\/v2\/posts\/17081","targetHints":{"allow":["GET"]}}],"collection":[{"href":"https:\/\/sp1.imielin.pl\/index.php\/wp-json\/wp\/v2\/posts"}],"about":[{"href":"https:\/\/sp1.imielin.pl\/index.php\/wp-json\/wp\/v2\/types\/post"}],"author":[{"embeddable":true,"href":"https:\/\/sp1.imielin.pl\/index.php\/wp-json\/wp\/v2\/users\/2"}],"replies":[{"embeddable":true,"href":"https:\/\/sp1.imielin.pl\/index.php\/wp-json\/wp\/v2\/comments?post=17081"}],"version-history":[{"count":0,"href":"https:\/\/sp1.imielin.pl\/index.php\/wp-json\/wp\/v2\/posts\/17081\/revisions"}],"wp:featuredmedia":[{"embeddable":true,"href":"https:\/\/sp1.imielin.pl\/index.php\/wp-json\/wp\/v2\/media\/15531"}],"wp:attachment":[{"href":"https:\/\/sp1.imielin.pl\/index.php\/wp-json\/wp\/v2\/media?parent=17081"}],"wp:term":[{"taxonomy":"category","embeddable":true,"href":"https:\/\/sp1.imielin.pl\/index.php\/wp-json\/wp\/v2\/categories?post=17081"},{"taxonomy":"post_tag","embeddable":true,"href":"https:\/\/sp1.imielin.pl\/index.php\/wp-json\/wp\/v2\/tags?post=17081"}],"curies":[{"name":"wp","href":"https:\/\/api.w.org\/{rel}","templated":true}]}}