{"id":17883,"date":"2023-12-04T12:33:15","date_gmt":"2023-12-04T11:33:15","guid":{"rendered":"http:\/\/www.sp1.imielin.pl\/?p=17883"},"modified":"2023-12-04T12:33:15","modified_gmt":"2023-12-04T11:33:15","slug":"barborka","status":"publish","type":"post","link":"https:\/\/sp1.imielin.pl\/index.php\/2023\/12\/04\/barborka\/","title":{"rendered":"Barb\u00f3rka"},"content":{"rendered":"<p style=\"text-align: justify;\">\u26cf\ufe0fBarb\u00f3rka to \u015bwi\u0119to, kt\u00f3re nie tylko upami\u0119tnia tradycj\u0119 g\u00f3rnicz\u0105, ale r\u00f3wnie\u017c stanowi okazj\u0119 do wyra\u017cenia szczerej wdzi\u0119czno\u015bci i \u017cycze\u0144 dla tych, kt\u00f3rzy codziennie podejmuj\u0105 trudn\u0105 prac\u0119 pod ziemi\u0105. Z tej okazji przeprowadzili\u015bmy specjalny wywiad w\u015br\u00f3d naszych najm\u0142odszych uczni\u00f3w. Jeste\u015bmy przekonani, \u017ce wywo\u0142a\u0142a on u\u015bmiech na wielu twarzach.<br \/>\nA Wam drodzy g\u00f3rnicy sk\u0142adamy \u017cyczenia:<br \/>\nOby robota by\u0142o l\u017cyjszo,<br \/>\nOby piniyndzy bo\u0142o wincy,<br \/>\nOby zdrowie Wom dopisa\u0142o,<br \/>\nI oby Barbara nad Wami czuwa\u0142a&#8230;<br \/>\nSzczynsc Bo\u017ce Wszyskim g\u00f3rnikom i ich rodzinom!<\/p>\n<p><a href=\"https:\/\/www.facebook.com\/sp1.imielin\/videos\/1034977327829520\">FILM\u00a0<\/a><\/p>\n<div class=\"pld-like-dislike-wrap pld-template-2\">\r\n    <div class=\"pld-like-wrap  pld-common-wrap\">\r\n    <a href=\"javascript:void(0)\" class=\"pld-like-trigger pld-like-dislike-trigger  \" title=\"\" data-post-id=\"17883\" data-trigger-type=\"like\" data-restriction=\"cookie\" data-already-liked=\"0\">\r\n                        <i class=\"fas fa-heart\"><\/i>\r\n                <\/a>\r\n    <span class=\"pld-like-count-wrap pld-count-wrap\">    <\/span>\r\n<\/div><\/div>","protected":false},"excerpt":{"rendered":"<p>\u26cf\ufe0fBarb\u00f3rka to \u015bwi\u0119to, kt\u00f3re nie tylko upami\u0119tnia tradycj\u0119 g\u00f3rnicz\u0105, ale r\u00f3wnie\u017c stanowi okazj\u0119 do wyra\u017cenia szczerej wdzi\u0119czno\u015bci i \u017cycze\u0144 dla tych, kt\u00f3rzy codziennie podejmuj\u0105 trudn\u0105 prac\u0119 pod ziemi\u0105. Z tej okazji przeprowadzili\u015bmy specjalny wywiad w\u015br\u00f3d naszych najm\u0142odszych uczni\u00f3w. Jeste\u015bmy przekonani, \u017ce wywo\u0142a\u0142a on u\u015bmiech na wielu twarzach. A Wam drodzy g\u00f3rnicy sk\u0142adamy \u017cyczenia: Oby robota [&hellip;]<\/p>\n","protected":false},"author":2,"featured_media":17884,"comment_status":"closed","ping_status":"closed","sticky":false,"template":"","format":"standard","meta":{"_uag_custom_page_level_css":"","footnotes":""},"categories":[5],"tags":[],"class_list":["post-17883","post","type-post","status-publish","format-standard","has-post-thumbnail","hentry","category-z-zycia-szkoly"],"uagb_featured_image_src":{"full":["https:\/\/sp1.imielin.pl\/wp-content\/uploads\/2023\/12\/geeww.png",619,366,false],"thumbnail":["https:\/\/sp1.imielin.pl\/wp-content\/uploads\/2023\/12\/geeww-150x150.png",150,150,true],"medium":["https:\/\/sp1.imielin.pl\/wp-content\/uploads\/2023\/12\/geeww-300x177.png",300,177,true],"medium_large":["https:\/\/sp1.imielin.pl\/wp-content\/uploads\/2023\/12\/geeww.png",525,310,false],"large":["https:\/\/sp1.imielin.pl\/wp-content\/uploads\/2023\/12\/geeww.png",525,310,false],"1536x1536":["https:\/\/sp1.imielin.pl\/wp-content\/uploads\/2023\/12\/geeww.png",619,366,false],"2048x2048":["https:\/\/sp1.imielin.pl\/wp-content\/uploads\/2023\/12\/geeww.png",619,366,false],"gurukul-education-featured-image":["https:\/\/sp1.imielin.pl\/wp-content\/uploads\/2023\/12\/geeww.png",619,366,false],"gurukul-education-thumbnail-avatar":["https:\/\/sp1.imielin.pl\/wp-content\/uploads\/2023\/12\/geeww-100x100.png",100,100,true]},"uagb_author_info":{"display_name":"Maria Habryka","author_link":"https:\/\/sp1.imielin.pl\/index.php\/author\/maria\/"},"uagb_comment_info":0,"uagb_excerpt":"\u26cf\ufe0fBarb\u00f3rka to \u015bwi\u0119to, kt\u00f3re nie tylko upami\u0119tnia tradycj\u0119 g\u00f3rnicz\u0105, ale r\u00f3wnie\u017c stanowi okazj\u0119 do wyra\u017cenia szczerej wdzi\u0119czno\u015bci i \u017cycze\u0144 dla tych, kt\u00f3rzy codziennie podejmuj\u0105 trudn\u0105 prac\u0119 pod ziemi\u0105. Z tej okazji przeprowadzili\u015bmy specjalny wywiad w\u015br\u00f3d naszych najm\u0142odszych uczni\u00f3w. Jeste\u015bmy przekonani, \u017ce wywo\u0142a\u0142a on u\u015bmiech na wielu twarzach. A Wam drodzy g\u00f3rnicy sk\u0142adamy \u017cyczenia: Oby robota&hellip;","_links":{"self":[{"href":"https:\/\/sp1.imielin.pl\/index.php\/wp-json\/wp\/v2\/posts\/17883","targetHints":{"allow":["GET"]}}],"collection":[{"href":"https:\/\/sp1.imielin.pl\/index.php\/wp-json\/wp\/v2\/posts"}],"about":[{"href":"https:\/\/sp1.imielin.pl\/index.php\/wp-json\/wp\/v2\/types\/post"}],"author":[{"embeddable":true,"href":"https:\/\/sp1.imielin.pl\/index.php\/wp-json\/wp\/v2\/users\/2"}],"replies":[{"embeddable":true,"href":"https:\/\/sp1.imielin.pl\/index.php\/wp-json\/wp\/v2\/comments?post=17883"}],"version-history":[{"count":0,"href":"https:\/\/sp1.imielin.pl\/index.php\/wp-json\/wp\/v2\/posts\/17883\/revisions"}],"wp:featuredmedia":[{"embeddable":true,"href":"https:\/\/sp1.imielin.pl\/index.php\/wp-json\/wp\/v2\/media\/17884"}],"wp:attachment":[{"href":"https:\/\/sp1.imielin.pl\/index.php\/wp-json\/wp\/v2\/media?parent=17883"}],"wp:term":[{"taxonomy":"category","embeddable":true,"href":"https:\/\/sp1.imielin.pl\/index.php\/wp-json\/wp\/v2\/categories?post=17883"},{"taxonomy":"post_tag","embeddable":true,"href":"https:\/\/sp1.imielin.pl\/index.php\/wp-json\/wp\/v2\/tags?post=17883"}],"curies":[{"name":"wp","href":"https:\/\/api.w.org\/{rel}","templated":true}]}}