{"id":17901,"date":"2023-12-05T20:58:32","date_gmt":"2023-12-05T19:58:32","guid":{"rendered":"http:\/\/www.sp1.imielin.pl\/?p=17901"},"modified":"2023-12-05T20:58:32","modified_gmt":"2023-12-05T19:58:32","slug":"warsztaty-mikolajkowe","status":"publish","type":"post","link":"https:\/\/sp1.imielin.pl\/index.php\/2023\/12\/05\/warsztaty-mikolajkowe\/","title":{"rendered":"Warsztaty miko\u0142ajkowe"},"content":{"rendered":"<p style=\"text-align: justify;\">W poniedzia\u0142ek klasy pi\u0105te uczestniczy\u0142y w warsztatach, na kt\u00f3rych pozna\u0142y sposoby wykonywania ozd\u00f3b \u015bwi\u0105tecznych z wykorzystaniem ekologicznych materia\u0142\u00f3w. Uczestnicy z zapa\u0142em zabrali si\u0119 do pracy i przygotowali wiele pi\u0119knych bombek. Cz\u0119\u015b\u0107 z nich zosta\u0142a przekazana na bo\u017conarodzeniowy kiermasz na rzecz Hospicjum Cordis, a pozosta\u0142e ozdobi\u0105 choinki w domach uczni\u00f3w.<br \/>\nZaj\u0119cia zosta\u0142y przeprowadzone w ramach projektu THINK GLOBAL ACT LOCAL 2023-1-PL01-KA122-SCH-000129845 Dofinansowane przez Uni\u0119 Europejsk\u0105.<\/p>\n<p style=\"text-align: justify;\"><a href=\"https:\/\/www.facebook.com\/photo\/?fbid=883156713576080&amp;set=pcb.883157680242650\">FOTORELACJA\u00a0<\/a><\/p>\n<div class=\"pld-like-dislike-wrap pld-template-2\">\r\n    <div class=\"pld-like-wrap  pld-common-wrap\">\r\n    <a href=\"javascript:void(0)\" class=\"pld-like-trigger pld-like-dislike-trigger  \" title=\"\" data-post-id=\"17901\" data-trigger-type=\"like\" data-restriction=\"cookie\" data-already-liked=\"0\">\r\n                        <i class=\"fas fa-heart\"><\/i>\r\n                <\/a>\r\n    <span class=\"pld-like-count-wrap pld-count-wrap\">    <\/span>\r\n<\/div><\/div>","protected":false},"excerpt":{"rendered":"<p>W poniedzia\u0142ek klasy pi\u0105te uczestniczy\u0142y w warsztatach, na kt\u00f3rych pozna\u0142y sposoby wykonywania ozd\u00f3b \u015bwi\u0105tecznych z wykorzystaniem ekologicznych materia\u0142\u00f3w. Uczestnicy z zapa\u0142em zabrali si\u0119 do pracy i przygotowali wiele pi\u0119knych bombek. Cz\u0119\u015b\u0107 z nich zosta\u0142a przekazana na bo\u017conarodzeniowy kiermasz na rzecz Hospicjum Cordis, a pozosta\u0142e ozdobi\u0105 choinki w domach uczni\u00f3w. Zaj\u0119cia zosta\u0142y przeprowadzone w ramach projektu [&hellip;]<\/p>\n","protected":false},"author":2,"featured_media":17902,"comment_status":"closed","ping_status":"closed","sticky":false,"template":"","format":"standard","meta":{"_uag_custom_page_level_css":"","footnotes":""},"categories":[5],"tags":[],"class_list":["post-17901","post","type-post","status-publish","format-standard","has-post-thumbnail","hentry","category-z-zycia-szkoly"],"uagb_featured_image_src":{"full":["https:\/\/sp1.imielin.pl\/wp-content\/uploads\/2023\/12\/408132883_883158200242598_1257549286176170945_n.jpg",400,300,false],"thumbnail":["https:\/\/sp1.imielin.pl\/wp-content\/uploads\/2023\/12\/408132883_883158200242598_1257549286176170945_n-150x150.jpg",150,150,true],"medium":["https:\/\/sp1.imielin.pl\/wp-content\/uploads\/2023\/12\/408132883_883158200242598_1257549286176170945_n-300x225.jpg",300,225,true],"medium_large":["https:\/\/sp1.imielin.pl\/wp-content\/uploads\/2023\/12\/408132883_883158200242598_1257549286176170945_n.jpg",400,300,false],"large":["https:\/\/sp1.imielin.pl\/wp-content\/uploads\/2023\/12\/408132883_883158200242598_1257549286176170945_n.jpg",400,300,false],"1536x1536":["https:\/\/sp1.imielin.pl\/wp-content\/uploads\/2023\/12\/408132883_883158200242598_1257549286176170945_n.jpg",400,300,false],"2048x2048":["https:\/\/sp1.imielin.pl\/wp-content\/uploads\/2023\/12\/408132883_883158200242598_1257549286176170945_n.jpg",400,300,false],"gurukul-education-featured-image":["https:\/\/sp1.imielin.pl\/wp-content\/uploads\/2023\/12\/408132883_883158200242598_1257549286176170945_n.jpg",400,300,false],"gurukul-education-thumbnail-avatar":["https:\/\/sp1.imielin.pl\/wp-content\/uploads\/2023\/12\/408132883_883158200242598_1257549286176170945_n-100x100.jpg",100,100,true]},"uagb_author_info":{"display_name":"Maria Habryka","author_link":"https:\/\/sp1.imielin.pl\/index.php\/author\/maria\/"},"uagb_comment_info":0,"uagb_excerpt":"W poniedzia\u0142ek klasy pi\u0105te uczestniczy\u0142y w warsztatach, na kt\u00f3rych pozna\u0142y sposoby wykonywania ozd\u00f3b \u015bwi\u0105tecznych z wykorzystaniem ekologicznych materia\u0142\u00f3w. Uczestnicy z zapa\u0142em zabrali si\u0119 do pracy i przygotowali wiele pi\u0119knych bombek. Cz\u0119\u015b\u0107 z nich zosta\u0142a przekazana na bo\u017conarodzeniowy kiermasz na rzecz Hospicjum Cordis, a pozosta\u0142e ozdobi\u0105 choinki w domach uczni\u00f3w. Zaj\u0119cia zosta\u0142y przeprowadzone w ramach projektu&hellip;","_links":{"self":[{"href":"https:\/\/sp1.imielin.pl\/index.php\/wp-json\/wp\/v2\/posts\/17901","targetHints":{"allow":["GET"]}}],"collection":[{"href":"https:\/\/sp1.imielin.pl\/index.php\/wp-json\/wp\/v2\/posts"}],"about":[{"href":"https:\/\/sp1.imielin.pl\/index.php\/wp-json\/wp\/v2\/types\/post"}],"author":[{"embeddable":true,"href":"https:\/\/sp1.imielin.pl\/index.php\/wp-json\/wp\/v2\/users\/2"}],"replies":[{"embeddable":true,"href":"https:\/\/sp1.imielin.pl\/index.php\/wp-json\/wp\/v2\/comments?post=17901"}],"version-history":[{"count":0,"href":"https:\/\/sp1.imielin.pl\/index.php\/wp-json\/wp\/v2\/posts\/17901\/revisions"}],"wp:featuredmedia":[{"embeddable":true,"href":"https:\/\/sp1.imielin.pl\/index.php\/wp-json\/wp\/v2\/media\/17902"}],"wp:attachment":[{"href":"https:\/\/sp1.imielin.pl\/index.php\/wp-json\/wp\/v2\/media?parent=17901"}],"wp:term":[{"taxonomy":"category","embeddable":true,"href":"https:\/\/sp1.imielin.pl\/index.php\/wp-json\/wp\/v2\/categories?post=17901"},{"taxonomy":"post_tag","embeddable":true,"href":"https:\/\/sp1.imielin.pl\/index.php\/wp-json\/wp\/v2\/tags?post=17901"}],"curies":[{"name":"wp","href":"https:\/\/api.w.org\/{rel}","templated":true}]}}