{"id":17937,"date":"2023-12-08T14:06:11","date_gmt":"2023-12-08T13:06:11","guid":{"rendered":"http:\/\/www.sp1.imielin.pl\/?p=17937"},"modified":"2023-12-08T14:06:11","modified_gmt":"2023-12-08T13:06:11","slug":"warsztaty-ekologiczne-dla-klas-drugich","status":"publish","type":"post","link":"https:\/\/sp1.imielin.pl\/index.php\/2023\/12\/08\/warsztaty-ekologiczne-dla-klas-drugich\/","title":{"rendered":"Warsztaty ekologiczne dla klas drugich"},"content":{"rendered":"<p style=\"text-align: justify;\">&#8222;Trzy proste zasady- ograniczaj, u\u017cywaj ponownie i odzyskuj odpady&#8221; \u267b\ufe0f warsztaty ekologiczne dla dzieci klas drugich pod takim w\u0142a\u015bnie has\u0142em przeprowadzili dzisiaj przedstawiciele firmy MASTER Odpady i Energia Sp. z o.o. z Tych\u00f3w. Podstawowym za\u0142o\u017ceniem projektu jest kszta\u0142towanie pozytywnych zachowa\u0144 i postaw wobec \u015brodowiska. Tematem przewodnim warsztat\u00f3w by\u0142o ograniczenie wytwarzania odpad\u00f3w, jako ekopostawa.<\/p>\n<p style=\"text-align: justify;\"><a href=\"https:\/\/www.facebook.com\/photo\/?fbid=884848706740214&amp;set=pcb.884849796740105\">FOTORELACJA\u00a0<\/a><\/p>\n<div class=\"pld-like-dislike-wrap pld-template-2\">\r\n    <div class=\"pld-like-wrap  pld-common-wrap\">\r\n    <a href=\"javascript:void(0)\" class=\"pld-like-trigger pld-like-dislike-trigger  \" title=\"\" data-post-id=\"17937\" data-trigger-type=\"like\" data-restriction=\"cookie\" data-already-liked=\"0\">\r\n                        <i class=\"fas fa-heart\"><\/i>\r\n                <\/a>\r\n    <span class=\"pld-like-count-wrap pld-count-wrap\">    <\/span>\r\n<\/div><\/div>","protected":false},"excerpt":{"rendered":"<p>&#8222;Trzy proste zasady- ograniczaj, u\u017cywaj ponownie i odzyskuj odpady&#8221; \u267b\ufe0f warsztaty ekologiczne dla dzieci klas drugich pod takim w\u0142a\u015bnie has\u0142em przeprowadzili dzisiaj przedstawiciele firmy MASTER Odpady i Energia Sp. z o.o. z Tych\u00f3w. Podstawowym za\u0142o\u017ceniem projektu jest kszta\u0142towanie pozytywnych zachowa\u0144 i postaw wobec \u015brodowiska. Tematem przewodnim warsztat\u00f3w by\u0142o ograniczenie wytwarzania odpad\u00f3w, jako ekopostawa. FOTORELACJA\u00a0<\/p>\n","protected":false},"author":2,"featured_media":17938,"comment_status":"closed","ping_status":"closed","sticky":false,"template":"","format":"standard","meta":{"_uag_custom_page_level_css":"","footnotes":""},"categories":[5],"tags":[],"class_list":["post-17937","post","type-post","status-publish","format-standard","has-post-thumbnail","hentry","category-z-zycia-szkoly"],"uagb_featured_image_src":{"full":["https:\/\/sp1.imielin.pl\/wp-content\/uploads\/2023\/12\/409203002_884850303406721_2205875389340974731_n.jpg",400,300,false],"thumbnail":["https:\/\/sp1.imielin.pl\/wp-content\/uploads\/2023\/12\/409203002_884850303406721_2205875389340974731_n-150x150.jpg",150,150,true],"medium":["https:\/\/sp1.imielin.pl\/wp-content\/uploads\/2023\/12\/409203002_884850303406721_2205875389340974731_n-300x225.jpg",300,225,true],"medium_large":["https:\/\/sp1.imielin.pl\/wp-content\/uploads\/2023\/12\/409203002_884850303406721_2205875389340974731_n.jpg",400,300,false],"large":["https:\/\/sp1.imielin.pl\/wp-content\/uploads\/2023\/12\/409203002_884850303406721_2205875389340974731_n.jpg",400,300,false],"1536x1536":["https:\/\/sp1.imielin.pl\/wp-content\/uploads\/2023\/12\/409203002_884850303406721_2205875389340974731_n.jpg",400,300,false],"2048x2048":["https:\/\/sp1.imielin.pl\/wp-content\/uploads\/2023\/12\/409203002_884850303406721_2205875389340974731_n.jpg",400,300,false],"gurukul-education-featured-image":["https:\/\/sp1.imielin.pl\/wp-content\/uploads\/2023\/12\/409203002_884850303406721_2205875389340974731_n.jpg",400,300,false],"gurukul-education-thumbnail-avatar":["https:\/\/sp1.imielin.pl\/wp-content\/uploads\/2023\/12\/409203002_884850303406721_2205875389340974731_n-100x100.jpg",100,100,true]},"uagb_author_info":{"display_name":"Maria Habryka","author_link":"https:\/\/sp1.imielin.pl\/index.php\/author\/maria\/"},"uagb_comment_info":0,"uagb_excerpt":"&#8222;Trzy proste zasady- ograniczaj, u\u017cywaj ponownie i odzyskuj odpady&#8221; \u267b\ufe0f warsztaty ekologiczne dla dzieci klas drugich pod takim w\u0142a\u015bnie has\u0142em przeprowadzili dzisiaj przedstawiciele firmy MASTER Odpady i Energia Sp. z o.o. z Tych\u00f3w. Podstawowym za\u0142o\u017ceniem projektu jest kszta\u0142towanie pozytywnych zachowa\u0144 i postaw wobec \u015brodowiska. Tematem przewodnim warsztat\u00f3w by\u0142o ograniczenie wytwarzania odpad\u00f3w, jako ekopostawa. FOTORELACJA\u00a0","_links":{"self":[{"href":"https:\/\/sp1.imielin.pl\/index.php\/wp-json\/wp\/v2\/posts\/17937","targetHints":{"allow":["GET"]}}],"collection":[{"href":"https:\/\/sp1.imielin.pl\/index.php\/wp-json\/wp\/v2\/posts"}],"about":[{"href":"https:\/\/sp1.imielin.pl\/index.php\/wp-json\/wp\/v2\/types\/post"}],"author":[{"embeddable":true,"href":"https:\/\/sp1.imielin.pl\/index.php\/wp-json\/wp\/v2\/users\/2"}],"replies":[{"embeddable":true,"href":"https:\/\/sp1.imielin.pl\/index.php\/wp-json\/wp\/v2\/comments?post=17937"}],"version-history":[{"count":0,"href":"https:\/\/sp1.imielin.pl\/index.php\/wp-json\/wp\/v2\/posts\/17937\/revisions"}],"wp:featuredmedia":[{"embeddable":true,"href":"https:\/\/sp1.imielin.pl\/index.php\/wp-json\/wp\/v2\/media\/17938"}],"wp:attachment":[{"href":"https:\/\/sp1.imielin.pl\/index.php\/wp-json\/wp\/v2\/media?parent=17937"}],"wp:term":[{"taxonomy":"category","embeddable":true,"href":"https:\/\/sp1.imielin.pl\/index.php\/wp-json\/wp\/v2\/categories?post=17937"},{"taxonomy":"post_tag","embeddable":true,"href":"https:\/\/sp1.imielin.pl\/index.php\/wp-json\/wp\/v2\/tags?post=17937"}],"curies":[{"name":"wp","href":"https:\/\/api.w.org\/{rel}","templated":true}]}}