{"id":17962,"date":"2023-12-11T21:05:42","date_gmt":"2023-12-11T20:05:42","guid":{"rendered":"http:\/\/www.sp1.imielin.pl\/?p=17962"},"modified":"2023-12-11T21:05:42","modified_gmt":"2023-12-11T20:05:42","slug":"klasa-1c-odlicza-dni-do-swiat","status":"publish","type":"post","link":"https:\/\/sp1.imielin.pl\/index.php\/2023\/12\/11\/klasa-1c-odlicza-dni-do-swiat\/","title":{"rendered":"Klasa 1c odlicza dni do \u015awi\u0105t"},"content":{"rendered":"<p style=\"text-align: justify;\">Odliczanie do \u015bwi\u0105t i mo\u017cliwo\u015bci sp\u0119dzenia czasu wsp\u00f3lnie z rodzin\u0105 to bardzo wa\u017cny element, na kt\u00f3ry czekaj\u0105 nasze dzieci. Aaa&#8230; szko\u0142a i klasa to prawie jak rodzina, dlatego 1c wsp\u00f3lnie wyczekuje i codziennie otwiera nowe &#8222;okienko w kalendarzu&#8221;. \ufe0f Od dnia cichego elfika , przez godzin\u0119 gier planszowych!  Ciekawe jakie &#8222;okienka&#8221; czekaj\u0105 jeszcze na uczni\u00f3w ? Czasem najwa\u017cniejsza jest wsp\u00f3lna zabawa i \u015bwi\u0105teczna integracja! \u2728<\/p>\n<p style=\"text-align: justify;\"><a href=\"https:\/\/www.facebook.com\/photo\/?fbid=886743503217401&amp;set=pcb.886744276550657\">FOTORELACJA\u00a0<\/a><\/p>\n<div class=\"pld-like-dislike-wrap pld-template-2\">\r\n    <div class=\"pld-like-wrap  pld-common-wrap\">\r\n    <a href=\"javascript:void(0)\" class=\"pld-like-trigger pld-like-dislike-trigger  \" title=\"\" data-post-id=\"17962\" data-trigger-type=\"like\" data-restriction=\"cookie\" data-already-liked=\"0\">\r\n                        <i class=\"fas fa-heart\"><\/i>\r\n                <\/a>\r\n    <span class=\"pld-like-count-wrap pld-count-wrap\">    <\/span>\r\n<\/div><\/div>","protected":false},"excerpt":{"rendered":"<p>Odliczanie do \u015bwi\u0105t i mo\u017cliwo\u015bci sp\u0119dzenia czasu wsp\u00f3lnie z rodzin\u0105 to bardzo wa\u017cny element, na kt\u00f3ry czekaj\u0105 nasze dzieci. Aaa&#8230; szko\u0142a i klasa to prawie jak rodzina, dlatego 1c wsp\u00f3lnie wyczekuje i codziennie otwiera nowe &#8222;okienko w kalendarzu&#8221;. \ufe0f Od dnia cichego elfika , przez godzin\u0119 gier planszowych! Ciekawe jakie &#8222;okienka&#8221; czekaj\u0105 jeszcze na uczni\u00f3w [&hellip;]<\/p>\n","protected":false},"author":2,"featured_media":17963,"comment_status":"closed","ping_status":"closed","sticky":false,"template":"","format":"standard","meta":{"_uag_custom_page_level_css":"","footnotes":""},"categories":[5],"tags":[],"class_list":["post-17962","post","type-post","status-publish","format-standard","has-post-thumbnail","hentry","category-z-zycia-szkoly"],"uagb_featured_image_src":{"full":["https:\/\/sp1.imielin.pl\/wp-content\/uploads\/2023\/12\/409430138_886744286550656_828247490602249355_n.jpg",512,231,false],"thumbnail":["https:\/\/sp1.imielin.pl\/wp-content\/uploads\/2023\/12\/409430138_886744286550656_828247490602249355_n-150x150.jpg",150,150,true],"medium":["https:\/\/sp1.imielin.pl\/wp-content\/uploads\/2023\/12\/409430138_886744286550656_828247490602249355_n-300x135.jpg",300,135,true],"medium_large":["https:\/\/sp1.imielin.pl\/wp-content\/uploads\/2023\/12\/409430138_886744286550656_828247490602249355_n.jpg",512,231,false],"large":["https:\/\/sp1.imielin.pl\/wp-content\/uploads\/2023\/12\/409430138_886744286550656_828247490602249355_n.jpg",512,231,false],"1536x1536":["https:\/\/sp1.imielin.pl\/wp-content\/uploads\/2023\/12\/409430138_886744286550656_828247490602249355_n.jpg",512,231,false],"2048x2048":["https:\/\/sp1.imielin.pl\/wp-content\/uploads\/2023\/12\/409430138_886744286550656_828247490602249355_n.jpg",512,231,false],"gurukul-education-featured-image":["https:\/\/sp1.imielin.pl\/wp-content\/uploads\/2023\/12\/409430138_886744286550656_828247490602249355_n.jpg",512,231,false],"gurukul-education-thumbnail-avatar":["https:\/\/sp1.imielin.pl\/wp-content\/uploads\/2023\/12\/409430138_886744286550656_828247490602249355_n-100x100.jpg",100,100,true]},"uagb_author_info":{"display_name":"Maria Habryka","author_link":"https:\/\/sp1.imielin.pl\/index.php\/author\/maria\/"},"uagb_comment_info":0,"uagb_excerpt":"Odliczanie do \u015bwi\u0105t i mo\u017cliwo\u015bci sp\u0119dzenia czasu wsp\u00f3lnie z rodzin\u0105 to bardzo wa\u017cny element, na kt\u00f3ry czekaj\u0105 nasze dzieci. Aaa&#8230; szko\u0142a i klasa to prawie jak rodzina, dlatego 1c wsp\u00f3lnie wyczekuje i codziennie otwiera nowe &#8222;okienko w kalendarzu&#8221;. \ufe0f Od dnia cichego elfika , przez godzin\u0119 gier planszowych! Ciekawe jakie &#8222;okienka&#8221; czekaj\u0105 jeszcze na uczni\u00f3w&hellip;","_links":{"self":[{"href":"https:\/\/sp1.imielin.pl\/index.php\/wp-json\/wp\/v2\/posts\/17962","targetHints":{"allow":["GET"]}}],"collection":[{"href":"https:\/\/sp1.imielin.pl\/index.php\/wp-json\/wp\/v2\/posts"}],"about":[{"href":"https:\/\/sp1.imielin.pl\/index.php\/wp-json\/wp\/v2\/types\/post"}],"author":[{"embeddable":true,"href":"https:\/\/sp1.imielin.pl\/index.php\/wp-json\/wp\/v2\/users\/2"}],"replies":[{"embeddable":true,"href":"https:\/\/sp1.imielin.pl\/index.php\/wp-json\/wp\/v2\/comments?post=17962"}],"version-history":[{"count":0,"href":"https:\/\/sp1.imielin.pl\/index.php\/wp-json\/wp\/v2\/posts\/17962\/revisions"}],"wp:featuredmedia":[{"embeddable":true,"href":"https:\/\/sp1.imielin.pl\/index.php\/wp-json\/wp\/v2\/media\/17963"}],"wp:attachment":[{"href":"https:\/\/sp1.imielin.pl\/index.php\/wp-json\/wp\/v2\/media?parent=17962"}],"wp:term":[{"taxonomy":"category","embeddable":true,"href":"https:\/\/sp1.imielin.pl\/index.php\/wp-json\/wp\/v2\/categories?post=17962"},{"taxonomy":"post_tag","embeddable":true,"href":"https:\/\/sp1.imielin.pl\/index.php\/wp-json\/wp\/v2\/tags?post=17962"}],"curies":[{"name":"wp","href":"https:\/\/api.w.org\/{rel}","templated":true}]}}