{"id":18068,"date":"2023-12-22T19:17:38","date_gmt":"2023-12-22T18:17:38","guid":{"rendered":"http:\/\/www.sp1.imielin.pl\/?p=18068"},"modified":"2023-12-22T19:17:38","modified_gmt":"2023-12-22T18:17:38","slug":"wigilie-klasowe","status":"publish","type":"post","link":"https:\/\/sp1.imielin.pl\/index.php\/2023\/12\/22\/wigilie-klasowe\/","title":{"rendered":"Wigilie klasowe"},"content":{"rendered":"<p>Pi\u0119knie i nastrojowo by\u0142o dzi\u015b na spotkaniu op\u0142atkowym w klasie 6b \u2b50 &#8211;<a href=\"https:\/\/www.facebook.com\/photo\/?fbid=893923525832732&amp;set=pcb.893924679165950\"> FOTORELACJA<br \/>\n<\/a>Wigilijka w 4a &#8211; choinka, op\u0142atek, prezenty i wsp\u00f3lna zabawa &#8211; <a href=\"https:\/\/www.facebook.com\/photo\/?fbid=893934519164966&amp;set=pcb.893936715831413\">FOTORELACJA<br \/>\n<\/a>Spotkanie op\u0142atkowe klasy 5a &#8211;<a href=\"https:\/\/www.facebook.com\/photo\/?fbid=893943039164114&amp;set=pcb.893943569164061\"> FOTORELACJA<br \/>\n<\/a>Spotkanie wigilijne w klasie 4c &#8211; <a href=\"https:\/\/www.facebook.com\/photo\/?fbid=893961589162259&amp;set=pcb.893964615828623\">FOTORELACJA<br \/>\n<\/a>Spotkania wigilijne klas 1-3 &#8211; <a href=\"https:\/\/www.facebook.com\/photo\/?fbid=894004759157942&amp;set=pcb.894005819157836\">FOTORELACJA<br \/>\n<\/a>4b podczas swojej wigilii  &#8211; <a href=\"https:\/\/www.facebook.com\/photo\/?fbid=894006582491093&amp;set=pcb.894006705824414\">FOTORELACJA\u00a0<\/a><\/p>\n<div class=\"pld-like-dislike-wrap pld-template-2\">\r\n    <div class=\"pld-like-wrap  pld-common-wrap\">\r\n    <a href=\"javascript:void(0)\" class=\"pld-like-trigger pld-like-dislike-trigger  \" title=\"\" data-post-id=\"18068\" data-trigger-type=\"like\" data-restriction=\"cookie\" data-already-liked=\"0\">\r\n                        <i class=\"fas fa-heart\"><\/i>\r\n                <\/a>\r\n    <span class=\"pld-like-count-wrap pld-count-wrap\">    <\/span>\r\n<\/div><\/div>","protected":false},"excerpt":{"rendered":"<p>Pi\u0119knie i nastrojowo by\u0142o dzi\u015b na spotkaniu op\u0142atkowym w klasie 6b \u2b50 &#8211; FOTORELACJA Wigilijka w 4a &#8211; choinka, op\u0142atek, prezenty i wsp\u00f3lna zabawa &#8211; FOTORELACJA Spotkanie op\u0142atkowe klasy 5a &#8211; FOTORELACJA Spotkanie wigilijne w klasie 4c &#8211; FOTORELACJA Spotkania wigilijne klas 1-3 &#8211; FOTORELACJA 4b podczas swojej wigilii &#8211; FOTORELACJA\u00a0<\/p>\n","protected":false},"author":2,"featured_media":18069,"comment_status":"closed","ping_status":"closed","sticky":false,"template":"","format":"standard","meta":{"_uag_custom_page_level_css":"","footnotes":""},"categories":[4],"tags":[],"class_list":["post-18068","post","type-post","status-publish","format-standard","has-post-thumbnail","hentry","category-informacje"],"uagb_featured_image_src":{"full":["https:\/\/sp1.imielin.pl\/wp-content\/uploads\/2023\/12\/FEEW.png",422,294,false],"thumbnail":["https:\/\/sp1.imielin.pl\/wp-content\/uploads\/2023\/12\/FEEW-150x150.png",150,150,true],"medium":["https:\/\/sp1.imielin.pl\/wp-content\/uploads\/2023\/12\/FEEW-300x209.png",300,209,true],"medium_large":["https:\/\/sp1.imielin.pl\/wp-content\/uploads\/2023\/12\/FEEW.png",422,294,false],"large":["https:\/\/sp1.imielin.pl\/wp-content\/uploads\/2023\/12\/FEEW.png",422,294,false],"1536x1536":["https:\/\/sp1.imielin.pl\/wp-content\/uploads\/2023\/12\/FEEW.png",422,294,false],"2048x2048":["https:\/\/sp1.imielin.pl\/wp-content\/uploads\/2023\/12\/FEEW.png",422,294,false],"gurukul-education-featured-image":["https:\/\/sp1.imielin.pl\/wp-content\/uploads\/2023\/12\/FEEW.png",422,294,false],"gurukul-education-thumbnail-avatar":["https:\/\/sp1.imielin.pl\/wp-content\/uploads\/2023\/12\/FEEW-100x100.png",100,100,true]},"uagb_author_info":{"display_name":"Maria Habryka","author_link":"https:\/\/sp1.imielin.pl\/index.php\/author\/maria\/"},"uagb_comment_info":0,"uagb_excerpt":"Pi\u0119knie i nastrojowo by\u0142o dzi\u015b na spotkaniu op\u0142atkowym w klasie 6b \u2b50 &#8211; FOTORELACJA Wigilijka w 4a &#8211; choinka, op\u0142atek, prezenty i wsp\u00f3lna zabawa &#8211; FOTORELACJA Spotkanie op\u0142atkowe klasy 5a &#8211; FOTORELACJA Spotkanie wigilijne w klasie 4c &#8211; FOTORELACJA Spotkania wigilijne klas 1-3 &#8211; FOTORELACJA 4b podczas swojej wigilii &#8211; FOTORELACJA\u00a0","_links":{"self":[{"href":"https:\/\/sp1.imielin.pl\/index.php\/wp-json\/wp\/v2\/posts\/18068","targetHints":{"allow":["GET"]}}],"collection":[{"href":"https:\/\/sp1.imielin.pl\/index.php\/wp-json\/wp\/v2\/posts"}],"about":[{"href":"https:\/\/sp1.imielin.pl\/index.php\/wp-json\/wp\/v2\/types\/post"}],"author":[{"embeddable":true,"href":"https:\/\/sp1.imielin.pl\/index.php\/wp-json\/wp\/v2\/users\/2"}],"replies":[{"embeddable":true,"href":"https:\/\/sp1.imielin.pl\/index.php\/wp-json\/wp\/v2\/comments?post=18068"}],"version-history":[{"count":0,"href":"https:\/\/sp1.imielin.pl\/index.php\/wp-json\/wp\/v2\/posts\/18068\/revisions"}],"wp:featuredmedia":[{"embeddable":true,"href":"https:\/\/sp1.imielin.pl\/index.php\/wp-json\/wp\/v2\/media\/18069"}],"wp:attachment":[{"href":"https:\/\/sp1.imielin.pl\/index.php\/wp-json\/wp\/v2\/media?parent=18068"}],"wp:term":[{"taxonomy":"category","embeddable":true,"href":"https:\/\/sp1.imielin.pl\/index.php\/wp-json\/wp\/v2\/categories?post=18068"},{"taxonomy":"post_tag","embeddable":true,"href":"https:\/\/sp1.imielin.pl\/index.php\/wp-json\/wp\/v2\/tags?post=18068"}],"curies":[{"name":"wp","href":"https:\/\/api.w.org\/{rel}","templated":true}]}}