{"id":18095,"date":"2024-01-02T19:13:59","date_gmt":"2024-01-02T18:13:59","guid":{"rendered":"http:\/\/www.sp1.imielin.pl\/?p=18095"},"modified":"2024-01-02T19:13:59","modified_gmt":"2024-01-02T18:13:59","slug":"videkonferencja-polsko-hiszpanska","status":"publish","type":"post","link":"https:\/\/sp1.imielin.pl\/index.php\/2024\/01\/02\/videkonferencja-polsko-hiszpanska\/","title":{"rendered":"Videkonferencja polsko &#8211; hiszpa\u0144ska"},"content":{"rendered":"<p style=\"text-align: justify;\">Klasa 2b, kt\u00f3ra bra\u0142a udzia\u0142 w wymianie kartek \u015bwi\u0105tecznych, mia\u0142a okazj\u0119 po\u0142\u0105czy\u0107 si\u0119 w wideokonferencji ze swoimi kolegami i kole\u017cankami z Hiszpanii Dzieci by\u0142y bardzo podekscytowane, ale zarazem troch\u0119 zestresowane. Nauka j\u0119zyka angielskiego to podstawa do \u0142amania barier j\u0119zykowych, na zaj\u0119ciach \u0107wiczymy j\u0119zyk praktyczny podczas rozm\u00f3w, konwersacji &#8211; co powoduje p\u0142ynno\u015b\u0107 j\u0119zykow\u0105 i staje si\u0119 dla maluch\u00f3w czym\u015b naturalnym, a to g\u0142\u00f3wny cel! Jeste\u015bmy bardzo dumni z naszych dzieci, co nap\u0119dza wszystkich do dzia\u0142ania. Nawi\u0105zanie kontaktu mi\u0119dzynarodowego z Hiszpani\u0105 pokazuje to dzieciom jak wa\u017cne jest, aby zainwestowa\u0107 czas w nauk\u0119 j\u0119zyk\u00f3w, szczeg\u00f3lnie j.angielskiego, otwiera to bowiem przed nami niezliczone drzwi na \u015bwiat <\/p>\n<p style=\"text-align: justify;\"><a href=\"https:\/\/www.facebook.com\/sp1.imielin\/videos\/327331160173114\">FILM\u00a0<\/a><\/p>\n<div class=\"pld-like-dislike-wrap pld-template-2\">\r\n    <div class=\"pld-like-wrap  pld-common-wrap\">\r\n    <a href=\"javascript:void(0)\" class=\"pld-like-trigger pld-like-dislike-trigger  \" title=\"\" data-post-id=\"18095\" data-trigger-type=\"like\" data-restriction=\"cookie\" data-already-liked=\"0\">\r\n                        <i class=\"fas fa-heart\"><\/i>\r\n                <\/a>\r\n    <span class=\"pld-like-count-wrap pld-count-wrap\">    <\/span>\r\n<\/div><\/div>","protected":false},"excerpt":{"rendered":"<p>Klasa 2b, kt\u00f3ra bra\u0142a udzia\u0142 w wymianie kartek \u015bwi\u0105tecznych, mia\u0142a okazj\u0119 po\u0142\u0105czy\u0107 si\u0119 w wideokonferencji ze swoimi kolegami i kole\u017cankami z Hiszpanii Dzieci by\u0142y bardzo podekscytowane, ale zarazem troch\u0119 zestresowane. Nauka j\u0119zyka angielskiego to podstawa do \u0142amania barier j\u0119zykowych, na zaj\u0119ciach \u0107wiczymy j\u0119zyk praktyczny podczas rozm\u00f3w, konwersacji &#8211; co powoduje p\u0142ynno\u015b\u0107 j\u0119zykow\u0105 i staje si\u0119 [&hellip;]<\/p>\n","protected":false},"author":2,"featured_media":18096,"comment_status":"closed","ping_status":"closed","sticky":false,"template":"","format":"standard","meta":{"_uag_custom_page_level_css":"","footnotes":""},"categories":[5],"tags":[],"class_list":["post-18095","post","type-post","status-publish","format-standard","has-post-thumbnail","hentry","category-z-zycia-szkoly"],"uagb_featured_image_src":{"full":["https:\/\/sp1.imielin.pl\/wp-content\/uploads\/2024\/01\/kuyy.png",675,376,false],"thumbnail":["https:\/\/sp1.imielin.pl\/wp-content\/uploads\/2024\/01\/kuyy-150x150.png",150,150,true],"medium":["https:\/\/sp1.imielin.pl\/wp-content\/uploads\/2024\/01\/kuyy-300x167.png",300,167,true],"medium_large":["https:\/\/sp1.imielin.pl\/wp-content\/uploads\/2024\/01\/kuyy.png",525,292,false],"large":["https:\/\/sp1.imielin.pl\/wp-content\/uploads\/2024\/01\/kuyy.png",525,292,false],"1536x1536":["https:\/\/sp1.imielin.pl\/wp-content\/uploads\/2024\/01\/kuyy.png",675,376,false],"2048x2048":["https:\/\/sp1.imielin.pl\/wp-content\/uploads\/2024\/01\/kuyy.png",675,376,false],"gurukul-education-featured-image":["https:\/\/sp1.imielin.pl\/wp-content\/uploads\/2024\/01\/kuyy.png",675,376,false],"gurukul-education-thumbnail-avatar":["https:\/\/sp1.imielin.pl\/wp-content\/uploads\/2024\/01\/kuyy-100x100.png",100,100,true]},"uagb_author_info":{"display_name":"Maria Habryka","author_link":"https:\/\/sp1.imielin.pl\/index.php\/author\/maria\/"},"uagb_comment_info":0,"uagb_excerpt":"Klasa 2b, kt\u00f3ra bra\u0142a udzia\u0142 w wymianie kartek \u015bwi\u0105tecznych, mia\u0142a okazj\u0119 po\u0142\u0105czy\u0107 si\u0119 w wideokonferencji ze swoimi kolegami i kole\u017cankami z Hiszpanii Dzieci by\u0142y bardzo podekscytowane, ale zarazem troch\u0119 zestresowane. Nauka j\u0119zyka angielskiego to podstawa do \u0142amania barier j\u0119zykowych, na zaj\u0119ciach \u0107wiczymy j\u0119zyk praktyczny podczas rozm\u00f3w, konwersacji &#8211; co powoduje p\u0142ynno\u015b\u0107 j\u0119zykow\u0105 i staje si\u0119&hellip;","_links":{"self":[{"href":"https:\/\/sp1.imielin.pl\/index.php\/wp-json\/wp\/v2\/posts\/18095","targetHints":{"allow":["GET"]}}],"collection":[{"href":"https:\/\/sp1.imielin.pl\/index.php\/wp-json\/wp\/v2\/posts"}],"about":[{"href":"https:\/\/sp1.imielin.pl\/index.php\/wp-json\/wp\/v2\/types\/post"}],"author":[{"embeddable":true,"href":"https:\/\/sp1.imielin.pl\/index.php\/wp-json\/wp\/v2\/users\/2"}],"replies":[{"embeddable":true,"href":"https:\/\/sp1.imielin.pl\/index.php\/wp-json\/wp\/v2\/comments?post=18095"}],"version-history":[{"count":0,"href":"https:\/\/sp1.imielin.pl\/index.php\/wp-json\/wp\/v2\/posts\/18095\/revisions"}],"wp:featuredmedia":[{"embeddable":true,"href":"https:\/\/sp1.imielin.pl\/index.php\/wp-json\/wp\/v2\/media\/18096"}],"wp:attachment":[{"href":"https:\/\/sp1.imielin.pl\/index.php\/wp-json\/wp\/v2\/media?parent=18095"}],"wp:term":[{"taxonomy":"category","embeddable":true,"href":"https:\/\/sp1.imielin.pl\/index.php\/wp-json\/wp\/v2\/categories?post=18095"},{"taxonomy":"post_tag","embeddable":true,"href":"https:\/\/sp1.imielin.pl\/index.php\/wp-json\/wp\/v2\/tags?post=18095"}],"curies":[{"name":"wp","href":"https:\/\/api.w.org\/{rel}","templated":true}]}}