{"id":18187,"date":"2024-01-17T19:05:42","date_gmt":"2024-01-17T18:05:42","guid":{"rendered":"http:\/\/www.sp1.imielin.pl\/?p=18187"},"modified":"2024-01-17T19:05:42","modified_gmt":"2024-01-17T18:05:42","slug":"karnawalowe-szalenstwo-w-szkole-na-gorce","status":"publish","type":"post","link":"https:\/\/sp1.imielin.pl\/index.php\/2024\/01\/17\/karnawalowe-szalenstwo-w-szkole-na-gorce\/","title":{"rendered":"KARNAWA\u0141OWE SZALE\u0143STWO W SZKOLE NA G\u00d3RCE"},"content":{"rendered":"<p style=\"text-align: justify;\">U\u015bmiechy, ta\u0144ce, zabawy- tego jak na prawdziwy dzieci\u0119cy bal przysta\u0142o, dzisiaj w naszej szkole nie zabrak\u0142o. Tradycyjnie na naszych uczni\u00f3w czeka\u0142a pi\u0119knie ustrojona sala gimnastyczna. W kolorowej scenerii, przy radosnej muzyce dzieci bawi\u0142y si\u0119 wspaniale. Najm\u0142odsi nie zawiedli w swej pomys\u0142owo\u015bci, dzi\u0119ki czemu na balu nie zabrak\u0142o ksi\u0119\u017cniczek, rycerzy, pirat\u00f3w, Spiderman`\u00f3w, czarodziejek, zwierzak\u00f3w &#8230; Wspania\u0142a muzyka sprawi\u0142a, \u017ce bawili si\u0119 zar\u00f3wno mali, jak i doro\u015bli. Tanecznymi krokami chwalili si\u0119 nawet nauczyciele pracuj\u0105cy w naszej szkole. Zabaw\u0119 uprzyjemni\u0142 pyszny pocz\u0119stunek przygotowany przez rodzic\u00f3w.<br \/>\nDzi\u0119kujemy dzieciom i rodzicom za zaanga\u017cowanie w przygotowanie pi\u0119knych balowych stroj\u00f3w oraz s\u0142odko\u015bci <\/p>\n<p style=\"text-align: justify;\"><a href=\"https:\/\/www.facebook.com\/sp1.imielin\/videos\/1317724578893157\">FILM\u00a0<\/a><\/p>\n<div class=\"pld-like-dislike-wrap pld-template-2\">\r\n    <div class=\"pld-like-wrap  pld-common-wrap\">\r\n    <a href=\"javascript:void(0)\" class=\"pld-like-trigger pld-like-dislike-trigger  \" title=\"\" data-post-id=\"18187\" data-trigger-type=\"like\" data-restriction=\"cookie\" data-already-liked=\"0\">\r\n                        <i class=\"fas fa-heart\"><\/i>\r\n                <\/a>\r\n    <span class=\"pld-like-count-wrap pld-count-wrap\">    <\/span>\r\n<\/div><\/div>","protected":false},"excerpt":{"rendered":"<p>U\u015bmiechy, ta\u0144ce, zabawy- tego jak na prawdziwy dzieci\u0119cy bal przysta\u0142o, dzisiaj w naszej szkole nie zabrak\u0142o. Tradycyjnie na naszych uczni\u00f3w czeka\u0142a pi\u0119knie ustrojona sala gimnastyczna. W kolorowej scenerii, przy radosnej muzyce dzieci bawi\u0142y si\u0119 wspaniale. Najm\u0142odsi nie zawiedli w swej pomys\u0142owo\u015bci, dzi\u0119ki czemu na balu nie zabrak\u0142o ksi\u0119\u017cniczek, rycerzy, pirat\u00f3w, Spiderman`\u00f3w, czarodziejek, zwierzak\u00f3w &#8230; Wspania\u0142a [&hellip;]<\/p>\n","protected":false},"author":2,"featured_media":18188,"comment_status":"closed","ping_status":"closed","sticky":false,"template":"","format":"standard","meta":{"_uag_custom_page_level_css":"","footnotes":""},"categories":[5],"tags":[],"class_list":["post-18187","post","type-post","status-publish","format-standard","has-post-thumbnail","hentry","category-z-zycia-szkoly"],"uagb_featured_image_src":{"full":["https:\/\/sp1.imielin.pl\/wp-content\/uploads\/2024\/01\/htrr.png",363,204,false],"thumbnail":["https:\/\/sp1.imielin.pl\/wp-content\/uploads\/2024\/01\/htrr-150x150.png",150,150,true],"medium":["https:\/\/sp1.imielin.pl\/wp-content\/uploads\/2024\/01\/htrr-300x169.png",300,169,true],"medium_large":["https:\/\/sp1.imielin.pl\/wp-content\/uploads\/2024\/01\/htrr.png",363,204,false],"large":["https:\/\/sp1.imielin.pl\/wp-content\/uploads\/2024\/01\/htrr.png",363,204,false],"1536x1536":["https:\/\/sp1.imielin.pl\/wp-content\/uploads\/2024\/01\/htrr.png",363,204,false],"2048x2048":["https:\/\/sp1.imielin.pl\/wp-content\/uploads\/2024\/01\/htrr.png",363,204,false],"gurukul-education-featured-image":["https:\/\/sp1.imielin.pl\/wp-content\/uploads\/2024\/01\/htrr.png",363,204,false],"gurukul-education-thumbnail-avatar":["https:\/\/sp1.imielin.pl\/wp-content\/uploads\/2024\/01\/htrr-100x100.png",100,100,true]},"uagb_author_info":{"display_name":"Maria Habryka","author_link":"https:\/\/sp1.imielin.pl\/index.php\/author\/maria\/"},"uagb_comment_info":0,"uagb_excerpt":"U\u015bmiechy, ta\u0144ce, zabawy- tego jak na prawdziwy dzieci\u0119cy bal przysta\u0142o, dzisiaj w naszej szkole nie zabrak\u0142o. Tradycyjnie na naszych uczni\u00f3w czeka\u0142a pi\u0119knie ustrojona sala gimnastyczna. W kolorowej scenerii, przy radosnej muzyce dzieci bawi\u0142y si\u0119 wspaniale. Najm\u0142odsi nie zawiedli w swej pomys\u0142owo\u015bci, dzi\u0119ki czemu na balu nie zabrak\u0142o ksi\u0119\u017cniczek, rycerzy, pirat\u00f3w, Spiderman`\u00f3w, czarodziejek, zwierzak\u00f3w &#8230; Wspania\u0142a&hellip;","_links":{"self":[{"href":"https:\/\/sp1.imielin.pl\/index.php\/wp-json\/wp\/v2\/posts\/18187","targetHints":{"allow":["GET"]}}],"collection":[{"href":"https:\/\/sp1.imielin.pl\/index.php\/wp-json\/wp\/v2\/posts"}],"about":[{"href":"https:\/\/sp1.imielin.pl\/index.php\/wp-json\/wp\/v2\/types\/post"}],"author":[{"embeddable":true,"href":"https:\/\/sp1.imielin.pl\/index.php\/wp-json\/wp\/v2\/users\/2"}],"replies":[{"embeddable":true,"href":"https:\/\/sp1.imielin.pl\/index.php\/wp-json\/wp\/v2\/comments?post=18187"}],"version-history":[{"count":0,"href":"https:\/\/sp1.imielin.pl\/index.php\/wp-json\/wp\/v2\/posts\/18187\/revisions"}],"wp:featuredmedia":[{"embeddable":true,"href":"https:\/\/sp1.imielin.pl\/index.php\/wp-json\/wp\/v2\/media\/18188"}],"wp:attachment":[{"href":"https:\/\/sp1.imielin.pl\/index.php\/wp-json\/wp\/v2\/media?parent=18187"}],"wp:term":[{"taxonomy":"category","embeddable":true,"href":"https:\/\/sp1.imielin.pl\/index.php\/wp-json\/wp\/v2\/categories?post=18187"},{"taxonomy":"post_tag","embeddable":true,"href":"https:\/\/sp1.imielin.pl\/index.php\/wp-json\/wp\/v2\/tags?post=18187"}],"curies":[{"name":"wp","href":"https:\/\/api.w.org\/{rel}","templated":true}]}}