{"id":18201,"date":"2024-01-21T12:04:02","date_gmt":"2024-01-21T11:04:02","guid":{"rendered":"http:\/\/www.sp1.imielin.pl\/?p=18201"},"modified":"2024-01-21T12:04:02","modified_gmt":"2024-01-21T11:04:02","slug":"dzien-babci-i-dziadka","status":"publish","type":"post","link":"https:\/\/sp1.imielin.pl\/index.php\/2024\/01\/21\/dzien-babci-i-dziadka\/","title":{"rendered":"Dzie\u0144 Babci i Dziadka"},"content":{"rendered":"<p style=\"text-align: justify;\">Mimo, \u017ce stycze\u0144 jest zimowym miesi\u0105cem, pe\u0142nym ch\u0142odnych, szarych dni, to jednak s\u0105 takie dwa dni, jedyne dwa dni w roku, kiedy ka\u017cdemu robi si\u0119 cieplej na sercu, bo przecie\u017c jest to \u015bwi\u0119to naszych kochanych bab\u0107 i dziadk\u00f3w . Z tej okazji nasi najm\u0142odsi uczniowie przygotowali drobne upominki oraz z\u0142o\u017cyli \u017cyczenia swoim ukochanym babciom i dziadkom. Zobaczcie sami <\/p>\n<p style=\"text-align: justify;\"><a href=\"https:\/\/www.facebook.com\/sp1.imielin\/videos\/736753081852066\">FILM\u00a0<\/a><\/p>\n<div class=\"pld-like-dislike-wrap pld-template-2\">\r\n    <div class=\"pld-like-wrap  pld-common-wrap\">\r\n    <a href=\"javascript:void(0)\" class=\"pld-like-trigger pld-like-dislike-trigger  \" title=\"\" data-post-id=\"18201\" data-trigger-type=\"like\" data-restriction=\"cookie\" data-already-liked=\"0\">\r\n                        <i class=\"fas fa-heart\"><\/i>\r\n                <\/a>\r\n    <span class=\"pld-like-count-wrap pld-count-wrap\">    <\/span>\r\n<\/div><\/div>","protected":false},"excerpt":{"rendered":"<p>Mimo, \u017ce stycze\u0144 jest zimowym miesi\u0105cem, pe\u0142nym ch\u0142odnych, szarych dni, to jednak s\u0105 takie dwa dni, jedyne dwa dni w roku, kiedy ka\u017cdemu robi si\u0119 cieplej na sercu, bo przecie\u017c jest to \u015bwi\u0119to naszych kochanych bab\u0107 i dziadk\u00f3w . Z tej okazji nasi najm\u0142odsi uczniowie przygotowali drobne upominki oraz z\u0142o\u017cyli \u017cyczenia swoim ukochanym babciom i [&hellip;]<\/p>\n","protected":false},"author":2,"featured_media":18202,"comment_status":"closed","ping_status":"closed","sticky":false,"template":"","format":"standard","meta":{"_uag_custom_page_level_css":"","footnotes":""},"categories":[5],"tags":[],"class_list":["post-18201","post","type-post","status-publish","format-standard","has-post-thumbnail","hentry","category-z-zycia-szkoly"],"uagb_featured_image_src":{"full":["https:\/\/sp1.imielin.pl\/wp-content\/uploads\/2024\/01\/gggg.png",577,271,false],"thumbnail":["https:\/\/sp1.imielin.pl\/wp-content\/uploads\/2024\/01\/gggg-150x150.png",150,150,true],"medium":["https:\/\/sp1.imielin.pl\/wp-content\/uploads\/2024\/01\/gggg-300x141.png",300,141,true],"medium_large":["https:\/\/sp1.imielin.pl\/wp-content\/uploads\/2024\/01\/gggg.png",525,247,false],"large":["https:\/\/sp1.imielin.pl\/wp-content\/uploads\/2024\/01\/gggg.png",525,247,false],"1536x1536":["https:\/\/sp1.imielin.pl\/wp-content\/uploads\/2024\/01\/gggg.png",577,271,false],"2048x2048":["https:\/\/sp1.imielin.pl\/wp-content\/uploads\/2024\/01\/gggg.png",577,271,false],"gurukul-education-featured-image":["https:\/\/sp1.imielin.pl\/wp-content\/uploads\/2024\/01\/gggg.png",577,271,false],"gurukul-education-thumbnail-avatar":["https:\/\/sp1.imielin.pl\/wp-content\/uploads\/2024\/01\/gggg-100x100.png",100,100,true]},"uagb_author_info":{"display_name":"Maria Habryka","author_link":"https:\/\/sp1.imielin.pl\/index.php\/author\/maria\/"},"uagb_comment_info":0,"uagb_excerpt":"Mimo, \u017ce stycze\u0144 jest zimowym miesi\u0105cem, pe\u0142nym ch\u0142odnych, szarych dni, to jednak s\u0105 takie dwa dni, jedyne dwa dni w roku, kiedy ka\u017cdemu robi si\u0119 cieplej na sercu, bo przecie\u017c jest to \u015bwi\u0119to naszych kochanych bab\u0107 i dziadk\u00f3w . Z tej okazji nasi najm\u0142odsi uczniowie przygotowali drobne upominki oraz z\u0142o\u017cyli \u017cyczenia swoim ukochanym babciom i&hellip;","_links":{"self":[{"href":"https:\/\/sp1.imielin.pl\/index.php\/wp-json\/wp\/v2\/posts\/18201","targetHints":{"allow":["GET"]}}],"collection":[{"href":"https:\/\/sp1.imielin.pl\/index.php\/wp-json\/wp\/v2\/posts"}],"about":[{"href":"https:\/\/sp1.imielin.pl\/index.php\/wp-json\/wp\/v2\/types\/post"}],"author":[{"embeddable":true,"href":"https:\/\/sp1.imielin.pl\/index.php\/wp-json\/wp\/v2\/users\/2"}],"replies":[{"embeddable":true,"href":"https:\/\/sp1.imielin.pl\/index.php\/wp-json\/wp\/v2\/comments?post=18201"}],"version-history":[{"count":0,"href":"https:\/\/sp1.imielin.pl\/index.php\/wp-json\/wp\/v2\/posts\/18201\/revisions"}],"wp:featuredmedia":[{"embeddable":true,"href":"https:\/\/sp1.imielin.pl\/index.php\/wp-json\/wp\/v2\/media\/18202"}],"wp:attachment":[{"href":"https:\/\/sp1.imielin.pl\/index.php\/wp-json\/wp\/v2\/media?parent=18201"}],"wp:term":[{"taxonomy":"category","embeddable":true,"href":"https:\/\/sp1.imielin.pl\/index.php\/wp-json\/wp\/v2\/categories?post=18201"},{"taxonomy":"post_tag","embeddable":true,"href":"https:\/\/sp1.imielin.pl\/index.php\/wp-json\/wp\/v2\/tags?post=18201"}],"curies":[{"name":"wp","href":"https:\/\/api.w.org\/{rel}","templated":true}]}}