{"id":18206,"date":"2024-01-22T17:58:26","date_gmt":"2024-01-22T16:58:26","guid":{"rendered":"http:\/\/www.sp1.imielin.pl\/?p=18206"},"modified":"2024-01-22T17:58:26","modified_gmt":"2024-01-22T16:58:26","slug":"pierwszaki-na-spektaklu-basnie-andersena","status":"publish","type":"post","link":"https:\/\/sp1.imielin.pl\/index.php\/2024\/01\/22\/pierwszaki-na-spektaklu-basnie-andersena\/","title":{"rendered":"Pierwszaki na spektaklu &#8222;Ba\u015bnie Andersena&#8221;"},"content":{"rendered":"<p style=\"text-align: justify;\">W dniu dzisiejszym uczniowie klas pierwszych udali si\u0119 do Teatru w Jaworze na spektakl &#8211; musical &#8222;Ba\u015bnie Andersena&#8221;, przygotowany przez Pozna\u0144ski Teatr Aktora. Spektakl dostarczy\u0142 nam wielu wspania\u0142ych emocji. Uczniowie i nauczyciele wyszli zachwyceni \u2013 pi\u0119kna dekoracja, barwne stroje, efekty \u015bwietlne , cudowna muzyka i wspania\u0142y kontakt z dzie\u0107mi&#8230; Pi\u0119kne spotkanie ze sztuk\u0105 <\/p>\n<p style=\"text-align: justify;\"><a href=\"https:\/\/www.facebook.com\/photo\/?fbid=913865087171909&amp;set=pcb.913865737171844\">FOTORELACJA\u00a0<\/a><\/p>\n<div class=\"pld-like-dislike-wrap pld-template-2\">\r\n    <div class=\"pld-like-wrap  pld-common-wrap\">\r\n    <a href=\"javascript:void(0)\" class=\"pld-like-trigger pld-like-dislike-trigger  \" title=\"\" data-post-id=\"18206\" data-trigger-type=\"like\" data-restriction=\"cookie\" data-already-liked=\"0\">\r\n                        <i class=\"fas fa-heart\"><\/i>\r\n                <\/a>\r\n    <span class=\"pld-like-count-wrap pld-count-wrap\">    <\/span>\r\n<\/div><\/div>","protected":false},"excerpt":{"rendered":"<p>W dniu dzisiejszym uczniowie klas pierwszych udali si\u0119 do Teatru w Jaworze na spektakl &#8211; musical &#8222;Ba\u015bnie Andersena&#8221;, przygotowany przez Pozna\u0144ski Teatr Aktora. Spektakl dostarczy\u0142 nam wielu wspania\u0142ych emocji. Uczniowie i nauczyciele wyszli zachwyceni \u2013 pi\u0119kna dekoracja, barwne stroje, efekty \u015bwietlne , cudowna muzyka i wspania\u0142y kontakt z dzie\u0107mi&#8230; Pi\u0119kne spotkanie ze sztuk\u0105 FOTORELACJA\u00a0<\/p>\n","protected":false},"author":2,"featured_media":18208,"comment_status":"closed","ping_status":"closed","sticky":false,"template":"","format":"standard","meta":{"_uag_custom_page_level_css":"","footnotes":""},"categories":[5],"tags":[],"class_list":["post-18206","post","type-post","status-publish","format-standard","has-post-thumbnail","hentry","category-z-zycia-szkoly"],"uagb_featured_image_src":{"full":["https:\/\/sp1.imielin.pl\/wp-content\/uploads\/2024\/01\/421292799_913866313838453_6477015205605461460_n-1.jpg",512,384,false],"thumbnail":["https:\/\/sp1.imielin.pl\/wp-content\/uploads\/2024\/01\/421292799_913866313838453_6477015205605461460_n-1-150x150.jpg",150,150,true],"medium":["https:\/\/sp1.imielin.pl\/wp-content\/uploads\/2024\/01\/421292799_913866313838453_6477015205605461460_n-1-300x225.jpg",300,225,true],"medium_large":["https:\/\/sp1.imielin.pl\/wp-content\/uploads\/2024\/01\/421292799_913866313838453_6477015205605461460_n-1.jpg",512,384,false],"large":["https:\/\/sp1.imielin.pl\/wp-content\/uploads\/2024\/01\/421292799_913866313838453_6477015205605461460_n-1.jpg",512,384,false],"1536x1536":["https:\/\/sp1.imielin.pl\/wp-content\/uploads\/2024\/01\/421292799_913866313838453_6477015205605461460_n-1.jpg",512,384,false],"2048x2048":["https:\/\/sp1.imielin.pl\/wp-content\/uploads\/2024\/01\/421292799_913866313838453_6477015205605461460_n-1.jpg",512,384,false],"gurukul-education-featured-image":["https:\/\/sp1.imielin.pl\/wp-content\/uploads\/2024\/01\/421292799_913866313838453_6477015205605461460_n-1.jpg",512,384,false],"gurukul-education-thumbnail-avatar":["https:\/\/sp1.imielin.pl\/wp-content\/uploads\/2024\/01\/421292799_913866313838453_6477015205605461460_n-1-100x100.jpg",100,100,true]},"uagb_author_info":{"display_name":"Maria Habryka","author_link":"https:\/\/sp1.imielin.pl\/index.php\/author\/maria\/"},"uagb_comment_info":0,"uagb_excerpt":"W dniu dzisiejszym uczniowie klas pierwszych udali si\u0119 do Teatru w Jaworze na spektakl &#8211; musical &#8222;Ba\u015bnie Andersena&#8221;, przygotowany przez Pozna\u0144ski Teatr Aktora. Spektakl dostarczy\u0142 nam wielu wspania\u0142ych emocji. Uczniowie i nauczyciele wyszli zachwyceni \u2013 pi\u0119kna dekoracja, barwne stroje, efekty \u015bwietlne , cudowna muzyka i wspania\u0142y kontakt z dzie\u0107mi&#8230; Pi\u0119kne spotkanie ze sztuk\u0105 FOTORELACJA\u00a0","_links":{"self":[{"href":"https:\/\/sp1.imielin.pl\/index.php\/wp-json\/wp\/v2\/posts\/18206","targetHints":{"allow":["GET"]}}],"collection":[{"href":"https:\/\/sp1.imielin.pl\/index.php\/wp-json\/wp\/v2\/posts"}],"about":[{"href":"https:\/\/sp1.imielin.pl\/index.php\/wp-json\/wp\/v2\/types\/post"}],"author":[{"embeddable":true,"href":"https:\/\/sp1.imielin.pl\/index.php\/wp-json\/wp\/v2\/users\/2"}],"replies":[{"embeddable":true,"href":"https:\/\/sp1.imielin.pl\/index.php\/wp-json\/wp\/v2\/comments?post=18206"}],"version-history":[{"count":0,"href":"https:\/\/sp1.imielin.pl\/index.php\/wp-json\/wp\/v2\/posts\/18206\/revisions"}],"wp:featuredmedia":[{"embeddable":true,"href":"https:\/\/sp1.imielin.pl\/index.php\/wp-json\/wp\/v2\/media\/18208"}],"wp:attachment":[{"href":"https:\/\/sp1.imielin.pl\/index.php\/wp-json\/wp\/v2\/media?parent=18206"}],"wp:term":[{"taxonomy":"category","embeddable":true,"href":"https:\/\/sp1.imielin.pl\/index.php\/wp-json\/wp\/v2\/categories?post=18206"},{"taxonomy":"post_tag","embeddable":true,"href":"https:\/\/sp1.imielin.pl\/index.php\/wp-json\/wp\/v2\/tags?post=18206"}],"curies":[{"name":"wp","href":"https:\/\/api.w.org\/{rel}","templated":true}]}}