{"id":18302,"date":"2024-02-16T18:45:51","date_gmt":"2024-02-16T17:45:51","guid":{"rendered":"http:\/\/www.sp1.imielin.pl\/?p=18302"},"modified":"2024-02-16T18:45:51","modified_gmt":"2024-02-16T17:45:51","slug":"uroczyste-otwarcie-mobilnej-pracowni-komputerowej","status":"publish","type":"post","link":"https:\/\/sp1.imielin.pl\/index.php\/2024\/02\/16\/uroczyste-otwarcie-mobilnej-pracowni-komputerowej\/","title":{"rendered":"Uroczyste otwarcie mobilnej pracowni komputerowej!"},"content":{"rendered":"<p style=\"text-align: justify;\">Z rado\u015bci\u0105 i dum\u0105 dzielimy si\u0119 wiadomo\u015bci\u0105, \u017ce nowa, pi\u0119kna i \u015bwietnie wyposa\u017cona mobilna pracownia komputerowa w\u0142a\u015bnie dzi\u015b zosta\u0142a uroczy\u015bcie i oficjalnie otwarta. Wst\u0119g\u0119 wsp\u00f3lnie przeci\u0119li burmistrz miasta Jan Chwi\u0119dacz oraz nauczyciel informatyki Tadeusz Brysz. W tym wyj\u0105tkowym wydarzeniu towarzyszyli nam zacni go\u015bcie &#8211; wspomniany wcze\u015bniej burmistrz oraz przedstawiciele Urz\u0119du Miasta, radni, proboszcz Eugeniusz Mura, pracownicy plac\u00f3wek edukacyjnych i kulturalnych oraz Rada Rodzic\u00f3w. Przypomnijmy, \u017ce powstanie nowej pracowni to efekt wygranej w konkursie OSE.<\/p>\n<p style=\"text-align: justify;\"><a href=\"https:\/\/www.facebook.com\/photo\/?fbid=930884472136637&amp;set=pcb.930894875468930\">FOTORELACJA\u00a0<\/a><\/p>\n<div class=\"pld-like-dislike-wrap pld-template-2\">\r\n    <div class=\"pld-like-wrap  pld-common-wrap\">\r\n    <a href=\"javascript:void(0)\" class=\"pld-like-trigger pld-like-dislike-trigger  \" title=\"\" data-post-id=\"18302\" data-trigger-type=\"like\" data-restriction=\"cookie\" data-already-liked=\"0\">\r\n                        <i class=\"fas fa-heart\"><\/i>\r\n                <\/a>\r\n    <span class=\"pld-like-count-wrap pld-count-wrap\">    <\/span>\r\n<\/div><\/div>","protected":false},"excerpt":{"rendered":"<p>Z rado\u015bci\u0105 i dum\u0105 dzielimy si\u0119 wiadomo\u015bci\u0105, \u017ce nowa, pi\u0119kna i \u015bwietnie wyposa\u017cona mobilna pracownia komputerowa w\u0142a\u015bnie dzi\u015b zosta\u0142a uroczy\u015bcie i oficjalnie otwarta. Wst\u0119g\u0119 wsp\u00f3lnie przeci\u0119li burmistrz miasta Jan Chwi\u0119dacz oraz nauczyciel informatyki Tadeusz Brysz. W tym wyj\u0105tkowym wydarzeniu towarzyszyli nam zacni go\u015bcie &#8211; wspomniany wcze\u015bniej burmistrz oraz przedstawiciele Urz\u0119du Miasta, radni, proboszcz Eugeniusz Mura, [&hellip;]<\/p>\n","protected":false},"author":2,"featured_media":18303,"comment_status":"closed","ping_status":"closed","sticky":false,"template":"","format":"standard","meta":{"_uag_custom_page_level_css":"","footnotes":""},"categories":[5],"tags":[],"class_list":["post-18302","post","type-post","status-publish","format-standard","has-post-thumbnail","hentry","category-z-zycia-szkoly"],"uagb_featured_image_src":{"full":["https:\/\/sp1.imielin.pl\/wp-content\/uploads\/2024\/02\/424866979_930885128803238_2385700029723468888_n.jpg",512,384,false],"thumbnail":["https:\/\/sp1.imielin.pl\/wp-content\/uploads\/2024\/02\/424866979_930885128803238_2385700029723468888_n-150x150.jpg",150,150,true],"medium":["https:\/\/sp1.imielin.pl\/wp-content\/uploads\/2024\/02\/424866979_930885128803238_2385700029723468888_n-300x225.jpg",300,225,true],"medium_large":["https:\/\/sp1.imielin.pl\/wp-content\/uploads\/2024\/02\/424866979_930885128803238_2385700029723468888_n.jpg",512,384,false],"large":["https:\/\/sp1.imielin.pl\/wp-content\/uploads\/2024\/02\/424866979_930885128803238_2385700029723468888_n.jpg",512,384,false],"1536x1536":["https:\/\/sp1.imielin.pl\/wp-content\/uploads\/2024\/02\/424866979_930885128803238_2385700029723468888_n.jpg",512,384,false],"2048x2048":["https:\/\/sp1.imielin.pl\/wp-content\/uploads\/2024\/02\/424866979_930885128803238_2385700029723468888_n.jpg",512,384,false],"gurukul-education-featured-image":["https:\/\/sp1.imielin.pl\/wp-content\/uploads\/2024\/02\/424866979_930885128803238_2385700029723468888_n.jpg",512,384,false],"gurukul-education-thumbnail-avatar":["https:\/\/sp1.imielin.pl\/wp-content\/uploads\/2024\/02\/424866979_930885128803238_2385700029723468888_n-100x100.jpg",100,100,true]},"uagb_author_info":{"display_name":"Maria Habryka","author_link":"https:\/\/sp1.imielin.pl\/index.php\/author\/maria\/"},"uagb_comment_info":0,"uagb_excerpt":"Z rado\u015bci\u0105 i dum\u0105 dzielimy si\u0119 wiadomo\u015bci\u0105, \u017ce nowa, pi\u0119kna i \u015bwietnie wyposa\u017cona mobilna pracownia komputerowa w\u0142a\u015bnie dzi\u015b zosta\u0142a uroczy\u015bcie i oficjalnie otwarta. Wst\u0119g\u0119 wsp\u00f3lnie przeci\u0119li burmistrz miasta Jan Chwi\u0119dacz oraz nauczyciel informatyki Tadeusz Brysz. W tym wyj\u0105tkowym wydarzeniu towarzyszyli nam zacni go\u015bcie &#8211; wspomniany wcze\u015bniej burmistrz oraz przedstawiciele Urz\u0119du Miasta, radni, proboszcz Eugeniusz Mura,&hellip;","_links":{"self":[{"href":"https:\/\/sp1.imielin.pl\/index.php\/wp-json\/wp\/v2\/posts\/18302","targetHints":{"allow":["GET"]}}],"collection":[{"href":"https:\/\/sp1.imielin.pl\/index.php\/wp-json\/wp\/v2\/posts"}],"about":[{"href":"https:\/\/sp1.imielin.pl\/index.php\/wp-json\/wp\/v2\/types\/post"}],"author":[{"embeddable":true,"href":"https:\/\/sp1.imielin.pl\/index.php\/wp-json\/wp\/v2\/users\/2"}],"replies":[{"embeddable":true,"href":"https:\/\/sp1.imielin.pl\/index.php\/wp-json\/wp\/v2\/comments?post=18302"}],"version-history":[{"count":0,"href":"https:\/\/sp1.imielin.pl\/index.php\/wp-json\/wp\/v2\/posts\/18302\/revisions"}],"wp:featuredmedia":[{"embeddable":true,"href":"https:\/\/sp1.imielin.pl\/index.php\/wp-json\/wp\/v2\/media\/18303"}],"wp:attachment":[{"href":"https:\/\/sp1.imielin.pl\/index.php\/wp-json\/wp\/v2\/media?parent=18302"}],"wp:term":[{"taxonomy":"category","embeddable":true,"href":"https:\/\/sp1.imielin.pl\/index.php\/wp-json\/wp\/v2\/categories?post=18302"},{"taxonomy":"post_tag","embeddable":true,"href":"https:\/\/sp1.imielin.pl\/index.php\/wp-json\/wp\/v2\/tags?post=18302"}],"curies":[{"name":"wp","href":"https:\/\/api.w.org\/{rel}","templated":true}]}}