{"id":18327,"date":"2024-02-21T14:36:11","date_gmt":"2024-02-21T13:36:11","guid":{"rendered":"http:\/\/www.sp1.imielin.pl\/?p=18327"},"modified":"2024-02-21T14:36:11","modified_gmt":"2024-02-21T13:36:11","slug":"prelekcja-fundacji-bakcyl-pt-twoje-pieniadze","status":"publish","type":"post","link":"https:\/\/sp1.imielin.pl\/index.php\/2024\/02\/21\/prelekcja-fundacji-bakcyl-pt-twoje-pieniadze\/","title":{"rendered":"Prelekcja fundacji Bakcyl pt. &#8222;Twoje pieni\u0105dze&#8221;"},"content":{"rendered":"<p style=\"text-align: justify;\">W dniu dzisiejszym klasa 6b uczestniczy\u0142a w prelekcji fundacji Bakcyl pt. &#8222;Twoje pieni\u0105dze&#8221;. W trakcie lekcji, kt\u00f3r\u0105 poprowadzi\u0142a pani Agnieszka Zmarzlik, uczniowie uzyskali wiele cennych informacji dotycz\u0105cych tego, czym jest pieni\u0105dz, nasze dochody i wydatki oraz jak m\u0105drze zarz\u0105dza\u0107 swoimi pieni\u0119dzmi.<\/p>\n<p><img loading=\"lazy\" decoding=\"async\" class=\"aligncenter wp-image-18329 size-full\" src=\"http:\/\/www.sp1.imielin.pl\/wp-content\/uploads\/2024\/02\/417434009_933773335181084_3675551002084091955_n.jpg\" alt=\"417434009_933773335181084_3675551002084091955_n\" width=\"422\" height=\"422\" srcset=\"https:\/\/sp1.imielin.pl\/wp-content\/uploads\/2024\/02\/417434009_933773335181084_3675551002084091955_n.jpg 422w, https:\/\/sp1.imielin.pl\/wp-content\/uploads\/2024\/02\/417434009_933773335181084_3675551002084091955_n-300x300.jpg 300w, https:\/\/sp1.imielin.pl\/wp-content\/uploads\/2024\/02\/417434009_933773335181084_3675551002084091955_n-150x150.jpg 150w, https:\/\/sp1.imielin.pl\/wp-content\/uploads\/2024\/02\/417434009_933773335181084_3675551002084091955_n-100x100.jpg 100w\" sizes=\"auto, (max-width: 422px) 100vw, 422px\" \/><\/p>\n<div class=\"pld-like-dislike-wrap pld-template-2\">\r\n    <div class=\"pld-like-wrap  pld-common-wrap\">\r\n    <a href=\"javascript:void(0)\" class=\"pld-like-trigger pld-like-dislike-trigger  \" title=\"\" data-post-id=\"18327\" data-trigger-type=\"like\" data-restriction=\"cookie\" data-already-liked=\"0\">\r\n                        <i class=\"fas fa-heart\"><\/i>\r\n                <\/a>\r\n    <span class=\"pld-like-count-wrap pld-count-wrap\">    <\/span>\r\n<\/div><\/div>","protected":false},"excerpt":{"rendered":"<p>W dniu dzisiejszym klasa 6b uczestniczy\u0142a w prelekcji fundacji Bakcyl pt. &#8222;Twoje pieni\u0105dze&#8221;. W trakcie lekcji, kt\u00f3r\u0105 poprowadzi\u0142a pani Agnieszka Zmarzlik, uczniowie uzyskali wiele cennych informacji dotycz\u0105cych tego, czym jest pieni\u0105dz, nasze dochody i wydatki oraz jak m\u0105drze zarz\u0105dza\u0107 swoimi pieni\u0119dzmi.<\/p>\n","protected":false},"author":2,"featured_media":18328,"comment_status":"closed","ping_status":"closed","sticky":false,"template":"","format":"standard","meta":{"_uag_custom_page_level_css":"","footnotes":""},"categories":[5],"tags":[],"class_list":["post-18327","post","type-post","status-publish","format-standard","has-post-thumbnail","hentry","category-z-zycia-szkoly"],"uagb_featured_image_src":{"full":["https:\/\/sp1.imielin.pl\/wp-content\/uploads\/2024\/02\/hhryy.png",587,279,false],"thumbnail":["https:\/\/sp1.imielin.pl\/wp-content\/uploads\/2024\/02\/hhryy-150x150.png",150,150,true],"medium":["https:\/\/sp1.imielin.pl\/wp-content\/uploads\/2024\/02\/hhryy-300x143.png",300,143,true],"medium_large":["https:\/\/sp1.imielin.pl\/wp-content\/uploads\/2024\/02\/hhryy.png",525,250,false],"large":["https:\/\/sp1.imielin.pl\/wp-content\/uploads\/2024\/02\/hhryy.png",525,250,false],"1536x1536":["https:\/\/sp1.imielin.pl\/wp-content\/uploads\/2024\/02\/hhryy.png",587,279,false],"2048x2048":["https:\/\/sp1.imielin.pl\/wp-content\/uploads\/2024\/02\/hhryy.png",587,279,false],"gurukul-education-featured-image":["https:\/\/sp1.imielin.pl\/wp-content\/uploads\/2024\/02\/hhryy.png",587,279,false],"gurukul-education-thumbnail-avatar":["https:\/\/sp1.imielin.pl\/wp-content\/uploads\/2024\/02\/hhryy-100x100.png",100,100,true]},"uagb_author_info":{"display_name":"Maria Habryka","author_link":"https:\/\/sp1.imielin.pl\/index.php\/author\/maria\/"},"uagb_comment_info":0,"uagb_excerpt":"W dniu dzisiejszym klasa 6b uczestniczy\u0142a w prelekcji fundacji Bakcyl pt. &#8222;Twoje pieni\u0105dze&#8221;. W trakcie lekcji, kt\u00f3r\u0105 poprowadzi\u0142a pani Agnieszka Zmarzlik, uczniowie uzyskali wiele cennych informacji dotycz\u0105cych tego, czym jest pieni\u0105dz, nasze dochody i wydatki oraz jak m\u0105drze zarz\u0105dza\u0107 swoimi pieni\u0119dzmi.","_links":{"self":[{"href":"https:\/\/sp1.imielin.pl\/index.php\/wp-json\/wp\/v2\/posts\/18327","targetHints":{"allow":["GET"]}}],"collection":[{"href":"https:\/\/sp1.imielin.pl\/index.php\/wp-json\/wp\/v2\/posts"}],"about":[{"href":"https:\/\/sp1.imielin.pl\/index.php\/wp-json\/wp\/v2\/types\/post"}],"author":[{"embeddable":true,"href":"https:\/\/sp1.imielin.pl\/index.php\/wp-json\/wp\/v2\/users\/2"}],"replies":[{"embeddable":true,"href":"https:\/\/sp1.imielin.pl\/index.php\/wp-json\/wp\/v2\/comments?post=18327"}],"version-history":[{"count":0,"href":"https:\/\/sp1.imielin.pl\/index.php\/wp-json\/wp\/v2\/posts\/18327\/revisions"}],"wp:featuredmedia":[{"embeddable":true,"href":"https:\/\/sp1.imielin.pl\/index.php\/wp-json\/wp\/v2\/media\/18328"}],"wp:attachment":[{"href":"https:\/\/sp1.imielin.pl\/index.php\/wp-json\/wp\/v2\/media?parent=18327"}],"wp:term":[{"taxonomy":"category","embeddable":true,"href":"https:\/\/sp1.imielin.pl\/index.php\/wp-json\/wp\/v2\/categories?post=18327"},{"taxonomy":"post_tag","embeddable":true,"href":"https:\/\/sp1.imielin.pl\/index.php\/wp-json\/wp\/v2\/tags?post=18327"}],"curies":[{"name":"wp","href":"https:\/\/api.w.org\/{rel}","templated":true}]}}