{"id":18350,"date":"2024-02-24T21:11:42","date_gmt":"2024-02-24T20:11:42","guid":{"rendered":"http:\/\/www.sp1.imielin.pl\/?p=18350"},"modified":"2024-02-24T21:11:42","modified_gmt":"2024-02-24T20:11:42","slug":"nocowanie-w-szkole-2","status":"publish","type":"post","link":"https:\/\/sp1.imielin.pl\/index.php\/2024\/02\/24\/nocowanie-w-szkole-2\/","title":{"rendered":"Nocowanie w szkole!"},"content":{"rendered":"<p style=\"text-align: justify;\">Z pi\u0105tku na sobot\u0119 (23\/24 luty) uczniowie 2b z wychowawc\u0105 nocowali w szkole. Spotkali\u015bmy si\u0119 o 20 w sali 006 i na pocz\u0105tek grali\u015bmy w plansz\u00f3wki przyniesione z domu. Potem by\u0142a kolacja, a po niej troch\u0119 ruchu przed snem. O p\u00f3\u0142nocy powitali\u015bmy sobot\u0119. Przed snem wieczorna toaleta, pi\u017camka i &#8230; marsz na sal\u0119 fitness przez stref\u0119 ciszy. Oczywi\u015bcie nocowanko nie mog\u0142o oby\u0107 si\u0119 bez poduszkowej bitwy. Potem droga mleczna na suficie i czytanie przed snem&#8230;.Oko\u0142o 7 pobudka, porz\u0105dkowanie, \u015bniadanie &#8230;No i gdzie Ci rodzice? W naszej klasie to ju\u017c drugie nocowanie &#8211; pierwsze by\u0142o w czerwcu ubieg\u0142ego roku. Wyczekujemy ju\u017c kolejnego<\/p>\n<p style=\"text-align: justify;\"><a href=\"https:\/\/www.facebook.com\/photo\/?fbid=935625681662516&amp;set=pcb.935627001662384\">FOTORELACJA\u00a0<\/a><\/p>\n<p style=\"text-align: justify;\"><a href=\"https:\/\/www.facebook.com\/100056452794332\/videos\/pcb.935695431655541\/339397118439901\">FILM<\/a><\/p>\n<p style=\"text-align: justify;\"><a href=\"https:\/\/www.facebook.com\/100056452794332\/videos\/pcb.935695431655541\/287534821023734\">FILM <\/a><\/p>\n<div class=\"pld-like-dislike-wrap pld-template-2\">\r\n    <div class=\"pld-like-wrap  pld-common-wrap\">\r\n    <a href=\"javascript:void(0)\" class=\"pld-like-trigger pld-like-dislike-trigger  \" title=\"\" data-post-id=\"18350\" data-trigger-type=\"like\" data-restriction=\"cookie\" data-already-liked=\"0\">\r\n                        <i class=\"fas fa-heart\"><\/i>\r\n                <\/a>\r\n    <span class=\"pld-like-count-wrap pld-count-wrap\">    <\/span>\r\n<\/div><\/div>","protected":false},"excerpt":{"rendered":"<p>Z pi\u0105tku na sobot\u0119 (23\/24 luty) uczniowie 2b z wychowawc\u0105 nocowali w szkole. Spotkali\u015bmy si\u0119 o 20 w sali 006 i na pocz\u0105tek grali\u015bmy w plansz\u00f3wki przyniesione z domu. Potem by\u0142a kolacja, a po niej troch\u0119 ruchu przed snem. O p\u00f3\u0142nocy powitali\u015bmy sobot\u0119. Przed snem wieczorna toaleta, pi\u017camka i &#8230; marsz na sal\u0119 fitness przez [&hellip;]<\/p>\n","protected":false},"author":2,"featured_media":18351,"comment_status":"closed","ping_status":"closed","sticky":false,"template":"","format":"standard","meta":{"_uag_custom_page_level_css":"","footnotes":""},"categories":[5],"tags":[],"class_list":["post-18350","post","type-post","status-publish","format-standard","has-post-thumbnail","hentry","category-z-zycia-szkoly"],"uagb_featured_image_src":{"full":["https:\/\/sp1.imielin.pl\/wp-content\/uploads\/2024\/02\/428683691_935627734995644_2587437054468201118_n.jpg",400,300,false],"thumbnail":["https:\/\/sp1.imielin.pl\/wp-content\/uploads\/2024\/02\/428683691_935627734995644_2587437054468201118_n-150x150.jpg",150,150,true],"medium":["https:\/\/sp1.imielin.pl\/wp-content\/uploads\/2024\/02\/428683691_935627734995644_2587437054468201118_n-300x225.jpg",300,225,true],"medium_large":["https:\/\/sp1.imielin.pl\/wp-content\/uploads\/2024\/02\/428683691_935627734995644_2587437054468201118_n.jpg",400,300,false],"large":["https:\/\/sp1.imielin.pl\/wp-content\/uploads\/2024\/02\/428683691_935627734995644_2587437054468201118_n.jpg",400,300,false],"1536x1536":["https:\/\/sp1.imielin.pl\/wp-content\/uploads\/2024\/02\/428683691_935627734995644_2587437054468201118_n.jpg",400,300,false],"2048x2048":["https:\/\/sp1.imielin.pl\/wp-content\/uploads\/2024\/02\/428683691_935627734995644_2587437054468201118_n.jpg",400,300,false],"gurukul-education-featured-image":["https:\/\/sp1.imielin.pl\/wp-content\/uploads\/2024\/02\/428683691_935627734995644_2587437054468201118_n.jpg",400,300,false],"gurukul-education-thumbnail-avatar":["https:\/\/sp1.imielin.pl\/wp-content\/uploads\/2024\/02\/428683691_935627734995644_2587437054468201118_n-100x100.jpg",100,100,true]},"uagb_author_info":{"display_name":"Maria Habryka","author_link":"https:\/\/sp1.imielin.pl\/index.php\/author\/maria\/"},"uagb_comment_info":0,"uagb_excerpt":"Z pi\u0105tku na sobot\u0119 (23\/24 luty) uczniowie 2b z wychowawc\u0105 nocowali w szkole. Spotkali\u015bmy si\u0119 o 20 w sali 006 i na pocz\u0105tek grali\u015bmy w plansz\u00f3wki przyniesione z domu. Potem by\u0142a kolacja, a po niej troch\u0119 ruchu przed snem. O p\u00f3\u0142nocy powitali\u015bmy sobot\u0119. Przed snem wieczorna toaleta, pi\u017camka i &#8230; marsz na sal\u0119 fitness przez&hellip;","_links":{"self":[{"href":"https:\/\/sp1.imielin.pl\/index.php\/wp-json\/wp\/v2\/posts\/18350","targetHints":{"allow":["GET"]}}],"collection":[{"href":"https:\/\/sp1.imielin.pl\/index.php\/wp-json\/wp\/v2\/posts"}],"about":[{"href":"https:\/\/sp1.imielin.pl\/index.php\/wp-json\/wp\/v2\/types\/post"}],"author":[{"embeddable":true,"href":"https:\/\/sp1.imielin.pl\/index.php\/wp-json\/wp\/v2\/users\/2"}],"replies":[{"embeddable":true,"href":"https:\/\/sp1.imielin.pl\/index.php\/wp-json\/wp\/v2\/comments?post=18350"}],"version-history":[{"count":0,"href":"https:\/\/sp1.imielin.pl\/index.php\/wp-json\/wp\/v2\/posts\/18350\/revisions"}],"wp:featuredmedia":[{"embeddable":true,"href":"https:\/\/sp1.imielin.pl\/index.php\/wp-json\/wp\/v2\/media\/18351"}],"wp:attachment":[{"href":"https:\/\/sp1.imielin.pl\/index.php\/wp-json\/wp\/v2\/media?parent=18350"}],"wp:term":[{"taxonomy":"category","embeddable":true,"href":"https:\/\/sp1.imielin.pl\/index.php\/wp-json\/wp\/v2\/categories?post=18350"},{"taxonomy":"post_tag","embeddable":true,"href":"https:\/\/sp1.imielin.pl\/index.php\/wp-json\/wp\/v2\/tags?post=18350"}],"curies":[{"name":"wp","href":"https:\/\/api.w.org\/{rel}","templated":true}]}}