{"id":18422,"date":"2024-03-08T18:43:44","date_gmt":"2024-03-08T17:43:44","guid":{"rendered":"http:\/\/www.sp1.imielin.pl\/?p=18422"},"modified":"2024-03-08T18:43:44","modified_gmt":"2024-03-08T17:43:44","slug":"miedzynarodowy-turniej-dynamica-sosnowiec-cup","status":"publish","type":"post","link":"https:\/\/sp1.imielin.pl\/index.php\/2024\/03\/08\/miedzynarodowy-turniej-dynamica-sosnowiec-cup\/","title":{"rendered":"Mi\u0119dzynarodowy Turniej Dynamica Sosnowiec Cup"},"content":{"rendered":"<p>W ubieg\u0142y weekend uczennice naszej szko\u0142y wzi\u0119\u0142y udzia\u0142 w Mi\u0119dzynarodowym Turnieju Dynamica Sosnowiec Cup \u200d\u2640\ufe0f\u200d\u2642\ufe0f. Oto wyniki:<br \/>\n\ufe0fLivia Demarczyk 2015 A \u2013 1 miejsce wielob\u00f3j, 1 miejsce taneczny, 2 miejsce obr\u0119cz<br \/>\n\ufe0fZuzanna Ochabowicz 2013 A \u2013 2 miejsce wielob\u00f3j , 2 miejsce pi\u0142ka, 3 miejsce maczugi<br \/>\n\ufe0f\u017baneta Hudzikowska 2012 A \u2013 2 miejsce wielob\u00f3j , 2 miejsce obr\u0119cz, 2 miejsce wst\u0105\u017cka<br \/>\n\ufe0fZuzanna Pacwa 2010 A \u2013 3 miejsce wielob\u00f3j , 2 miejsce pi\u0142ka, miejsce maczugi<br \/>\n\ufe0fHanna Rabczak 2010 B &#8211; 5 miejsce pi\u0142ka, 3 miejsce maczugi<br \/>\n\ufe0fKarina Stolarz 2014 B \u2013 4 miejsce<br \/>\n\ufe0fAmelia Bednorz 2012 C \u2013 1 miejsce<br \/>\n\ufe0fJagoda Stolarz 2011 C \u2013 1 miejsce<br \/>\n\ufe0fHanna Toma\u015b 2011 C \u2013 3 miejsce<br \/>\n\ufe0fNatalia Rokita 2010 C \u2013 2 miejsce<\/p>\n<p><a href=\"https:\/\/www.facebook.com\/photo\/?fbid=943572317534519&amp;set=pcb.943572537534497\">FOTORELACJA\u00a0<\/a><\/p>\n<div class=\"pld-like-dislike-wrap pld-template-2\">\r\n    <div class=\"pld-like-wrap  pld-common-wrap\">\r\n    <a href=\"javascript:void(0)\" class=\"pld-like-trigger pld-like-dislike-trigger  \" title=\"\" data-post-id=\"18422\" data-trigger-type=\"like\" data-restriction=\"cookie\" data-already-liked=\"0\">\r\n                        <i class=\"fas fa-heart\"><\/i>\r\n                <\/a>\r\n    <span class=\"pld-like-count-wrap pld-count-wrap\">    <\/span>\r\n<\/div><\/div>","protected":false},"excerpt":{"rendered":"<p>W ubieg\u0142y weekend uczennice naszej szko\u0142y wzi\u0119\u0142y udzia\u0142 w Mi\u0119dzynarodowym Turnieju Dynamica Sosnowiec Cup \u200d\u2640\ufe0f\u200d\u2642\ufe0f. Oto wyniki: \ufe0fLivia Demarczyk 2015 A \u2013 1 miejsce wielob\u00f3j, 1 miejsce taneczny, 2 miejsce obr\u0119cz \ufe0fZuzanna Ochabowicz 2013 A \u2013 2 miejsce wielob\u00f3j , 2 miejsce pi\u0142ka, 3 miejsce maczugi \ufe0f\u017baneta Hudzikowska 2012 A \u2013 2 miejsce wielob\u00f3j , [&hellip;]<\/p>\n","protected":false},"author":2,"featured_media":18423,"comment_status":"closed","ping_status":"closed","sticky":false,"template":"","format":"standard","meta":{"_uag_custom_page_level_css":"","footnotes":""},"categories":[5],"tags":[],"class_list":["post-18422","post","type-post","status-publish","format-standard","has-post-thumbnail","hentry","category-z-zycia-szkoly"],"uagb_featured_image_src":{"full":["https:\/\/sp1.imielin.pl\/wp-content\/uploads\/2024\/03\/417485407_943572747534476_3929420418624394795_n.jpg",512,385,false],"thumbnail":["https:\/\/sp1.imielin.pl\/wp-content\/uploads\/2024\/03\/417485407_943572747534476_3929420418624394795_n-150x150.jpg",150,150,true],"medium":["https:\/\/sp1.imielin.pl\/wp-content\/uploads\/2024\/03\/417485407_943572747534476_3929420418624394795_n-300x226.jpg",300,226,true],"medium_large":["https:\/\/sp1.imielin.pl\/wp-content\/uploads\/2024\/03\/417485407_943572747534476_3929420418624394795_n.jpg",512,385,false],"large":["https:\/\/sp1.imielin.pl\/wp-content\/uploads\/2024\/03\/417485407_943572747534476_3929420418624394795_n.jpg",512,385,false],"1536x1536":["https:\/\/sp1.imielin.pl\/wp-content\/uploads\/2024\/03\/417485407_943572747534476_3929420418624394795_n.jpg",512,385,false],"2048x2048":["https:\/\/sp1.imielin.pl\/wp-content\/uploads\/2024\/03\/417485407_943572747534476_3929420418624394795_n.jpg",512,385,false],"gurukul-education-featured-image":["https:\/\/sp1.imielin.pl\/wp-content\/uploads\/2024\/03\/417485407_943572747534476_3929420418624394795_n.jpg",512,385,false],"gurukul-education-thumbnail-avatar":["https:\/\/sp1.imielin.pl\/wp-content\/uploads\/2024\/03\/417485407_943572747534476_3929420418624394795_n-100x100.jpg",100,100,true]},"uagb_author_info":{"display_name":"Maria Habryka","author_link":"https:\/\/sp1.imielin.pl\/index.php\/author\/maria\/"},"uagb_comment_info":0,"uagb_excerpt":"W ubieg\u0142y weekend uczennice naszej szko\u0142y wzi\u0119\u0142y udzia\u0142 w Mi\u0119dzynarodowym Turnieju Dynamica Sosnowiec Cup \u200d\u2640\ufe0f\u200d\u2642\ufe0f. Oto wyniki: \ufe0fLivia Demarczyk 2015 A \u2013 1 miejsce wielob\u00f3j, 1 miejsce taneczny, 2 miejsce obr\u0119cz \ufe0fZuzanna Ochabowicz 2013 A \u2013 2 miejsce wielob\u00f3j , 2 miejsce pi\u0142ka, 3 miejsce maczugi \ufe0f\u017baneta Hudzikowska 2012 A \u2013 2 miejsce wielob\u00f3j ,&hellip;","_links":{"self":[{"href":"https:\/\/sp1.imielin.pl\/index.php\/wp-json\/wp\/v2\/posts\/18422","targetHints":{"allow":["GET"]}}],"collection":[{"href":"https:\/\/sp1.imielin.pl\/index.php\/wp-json\/wp\/v2\/posts"}],"about":[{"href":"https:\/\/sp1.imielin.pl\/index.php\/wp-json\/wp\/v2\/types\/post"}],"author":[{"embeddable":true,"href":"https:\/\/sp1.imielin.pl\/index.php\/wp-json\/wp\/v2\/users\/2"}],"replies":[{"embeddable":true,"href":"https:\/\/sp1.imielin.pl\/index.php\/wp-json\/wp\/v2\/comments?post=18422"}],"version-history":[{"count":0,"href":"https:\/\/sp1.imielin.pl\/index.php\/wp-json\/wp\/v2\/posts\/18422\/revisions"}],"wp:featuredmedia":[{"embeddable":true,"href":"https:\/\/sp1.imielin.pl\/index.php\/wp-json\/wp\/v2\/media\/18423"}],"wp:attachment":[{"href":"https:\/\/sp1.imielin.pl\/index.php\/wp-json\/wp\/v2\/media?parent=18422"}],"wp:term":[{"taxonomy":"category","embeddable":true,"href":"https:\/\/sp1.imielin.pl\/index.php\/wp-json\/wp\/v2\/categories?post=18422"},{"taxonomy":"post_tag","embeddable":true,"href":"https:\/\/sp1.imielin.pl\/index.php\/wp-json\/wp\/v2\/tags?post=18422"}],"curies":[{"name":"wp","href":"https:\/\/api.w.org\/{rel}","templated":true}]}}