{"id":18531,"date":"2024-03-21T19:15:08","date_gmt":"2024-03-21T18:15:08","guid":{"rendered":"http:\/\/www.sp1.imielin.pl\/?p=18531"},"modified":"2024-03-21T19:15:08","modified_gmt":"2024-03-21T18:15:08","slug":"wiosenny-korowod","status":"publish","type":"post","link":"https:\/\/sp1.imielin.pl\/index.php\/2024\/03\/21\/wiosenny-korowod\/","title":{"rendered":"Wiosenny korow\u00f3d"},"content":{"rendered":"<p style=\"text-align: justify;\">Uczniowie klas 1-3 wraz z nauczycielami witali dzisiaj wiosn\u0119 w radosnym przemarszu ulicami Imielina.<br \/>\nDzieci w kolorowych nakryciach g\u0142owy, \u015bpiewaj\u0105c radosne piosenki o wio\u015bnie i daj\u0105c o sobie zna\u0107 radosnymi okrzykami, rozdawa\u0142y papierowe ptaszki i kwiaty. Ponad 350 kolorowych wycinanek trafi\u0142o w r\u0119ce przechodni\u00f3w, sprzedawc\u00f3w, podopiecznych domu opieki, pracownik\u00f3w Urz\u0119du Miasta, poczty czy banku oraz za wycieraczki samochod\u00f3w. Nie zabrak\u0142o pi\u0119knej Marzanny i kolorowego gaika. WITAJ WIOSNO, T\u0118SKNILI\u015aMY<br \/>\nZobaczcie jak wygl\u0105da\u0142 nasz niesamowity przemarsz!<\/p>\n<p style=\"text-align: justify;\"><a href=\"https:\/\/www.facebook.com\/sp1.imielin\/videos\/1406423159980395\">FILM<\/a><\/p>\n<p style=\"text-align: justify;\"><a href=\"https:\/\/www.facebook.com\/sp1.imielin\/videos\/1064380991288218\">WIOSENNA PIOSENKA\u00a0<\/a><\/p>\n<div class=\"pld-like-dislike-wrap pld-template-2\">\r\n    <div class=\"pld-like-wrap  pld-common-wrap\">\r\n    <a href=\"javascript:void(0)\" class=\"pld-like-trigger pld-like-dislike-trigger  \" title=\"\" data-post-id=\"18531\" data-trigger-type=\"like\" data-restriction=\"cookie\" data-already-liked=\"0\">\r\n                        <i class=\"fas fa-heart\"><\/i>\r\n                <\/a>\r\n    <span class=\"pld-like-count-wrap pld-count-wrap\">    <\/span>\r\n<\/div><\/div>","protected":false},"excerpt":{"rendered":"<p>Uczniowie klas 1-3 wraz z nauczycielami witali dzisiaj wiosn\u0119 w radosnym przemarszu ulicami Imielina. Dzieci w kolorowych nakryciach g\u0142owy, \u015bpiewaj\u0105c radosne piosenki o wio\u015bnie i daj\u0105c o sobie zna\u0107 radosnymi okrzykami, rozdawa\u0142y papierowe ptaszki i kwiaty. Ponad 350 kolorowych wycinanek trafi\u0142o w r\u0119ce przechodni\u00f3w, sprzedawc\u00f3w, podopiecznych domu opieki, pracownik\u00f3w Urz\u0119du Miasta, poczty czy banku oraz [&hellip;]<\/p>\n","protected":false},"author":2,"featured_media":18532,"comment_status":"closed","ping_status":"closed","sticky":false,"template":"","format":"standard","meta":{"_uag_custom_page_level_css":"","footnotes":""},"categories":[5],"tags":[],"class_list":["post-18531","post","type-post","status-publish","format-standard","has-post-thumbnail","hentry","category-z-zycia-szkoly"],"uagb_featured_image_src":{"full":["https:\/\/sp1.imielin.pl\/wp-content\/uploads\/2024\/03\/feee.png",574,280,false],"thumbnail":["https:\/\/sp1.imielin.pl\/wp-content\/uploads\/2024\/03\/feee-150x150.png",150,150,true],"medium":["https:\/\/sp1.imielin.pl\/wp-content\/uploads\/2024\/03\/feee-300x146.png",300,146,true],"medium_large":["https:\/\/sp1.imielin.pl\/wp-content\/uploads\/2024\/03\/feee.png",525,256,false],"large":["https:\/\/sp1.imielin.pl\/wp-content\/uploads\/2024\/03\/feee.png",525,256,false],"1536x1536":["https:\/\/sp1.imielin.pl\/wp-content\/uploads\/2024\/03\/feee.png",574,280,false],"2048x2048":["https:\/\/sp1.imielin.pl\/wp-content\/uploads\/2024\/03\/feee.png",574,280,false],"gurukul-education-featured-image":["https:\/\/sp1.imielin.pl\/wp-content\/uploads\/2024\/03\/feee.png",574,280,false],"gurukul-education-thumbnail-avatar":["https:\/\/sp1.imielin.pl\/wp-content\/uploads\/2024\/03\/feee-100x100.png",100,100,true]},"uagb_author_info":{"display_name":"Maria Habryka","author_link":"https:\/\/sp1.imielin.pl\/index.php\/author\/maria\/"},"uagb_comment_info":0,"uagb_excerpt":"Uczniowie klas 1-3 wraz z nauczycielami witali dzisiaj wiosn\u0119 w radosnym przemarszu ulicami Imielina. Dzieci w kolorowych nakryciach g\u0142owy, \u015bpiewaj\u0105c radosne piosenki o wio\u015bnie i daj\u0105c o sobie zna\u0107 radosnymi okrzykami, rozdawa\u0142y papierowe ptaszki i kwiaty. Ponad 350 kolorowych wycinanek trafi\u0142o w r\u0119ce przechodni\u00f3w, sprzedawc\u00f3w, podopiecznych domu opieki, pracownik\u00f3w Urz\u0119du Miasta, poczty czy banku oraz&hellip;","_links":{"self":[{"href":"https:\/\/sp1.imielin.pl\/index.php\/wp-json\/wp\/v2\/posts\/18531","targetHints":{"allow":["GET"]}}],"collection":[{"href":"https:\/\/sp1.imielin.pl\/index.php\/wp-json\/wp\/v2\/posts"}],"about":[{"href":"https:\/\/sp1.imielin.pl\/index.php\/wp-json\/wp\/v2\/types\/post"}],"author":[{"embeddable":true,"href":"https:\/\/sp1.imielin.pl\/index.php\/wp-json\/wp\/v2\/users\/2"}],"replies":[{"embeddable":true,"href":"https:\/\/sp1.imielin.pl\/index.php\/wp-json\/wp\/v2\/comments?post=18531"}],"version-history":[{"count":0,"href":"https:\/\/sp1.imielin.pl\/index.php\/wp-json\/wp\/v2\/posts\/18531\/revisions"}],"wp:featuredmedia":[{"embeddable":true,"href":"https:\/\/sp1.imielin.pl\/index.php\/wp-json\/wp\/v2\/media\/18532"}],"wp:attachment":[{"href":"https:\/\/sp1.imielin.pl\/index.php\/wp-json\/wp\/v2\/media?parent=18531"}],"wp:term":[{"taxonomy":"category","embeddable":true,"href":"https:\/\/sp1.imielin.pl\/index.php\/wp-json\/wp\/v2\/categories?post=18531"},{"taxonomy":"post_tag","embeddable":true,"href":"https:\/\/sp1.imielin.pl\/index.php\/wp-json\/wp\/v2\/tags?post=18531"}],"curies":[{"name":"wp","href":"https:\/\/api.w.org\/{rel}","templated":true}]}}