{"id":18548,"date":"2024-03-25T22:27:59","date_gmt":"2024-03-25T21:27:59","guid":{"rendered":"http:\/\/www.sp1.imielin.pl\/?p=18548"},"modified":"2024-03-25T22:27:59","modified_gmt":"2024-03-25T21:27:59","slug":"wyniki-konkursu-zaczarowany-motyl","status":"publish","type":"post","link":"https:\/\/sp1.imielin.pl\/index.php\/2024\/03\/25\/wyniki-konkursu-zaczarowany-motyl\/","title":{"rendered":"Wyniki konkursu &#8222;Zaczarowany motyl&#8221;"},"content":{"rendered":"<p style=\"text-align: justify;\">Z przyjemno\u015bci\u0105 informujemy, \u017ce konkurs plastyczny pt. \u201eZaczarowany motyl\u201d zosta\u0142 rozstrzygni\u0119ty!  Po burzliwej naradzie jury wybra\u0142o te prace, kt\u00f3re cechowa\u0142a przede wszystkim samodzielno\u015b\u0107 wykonania, ale tak\u017ce pomys\u0142owo\u015b\u0107 i estetyka. W wyniku wnikliwej oceny Komisja postanowi\u0142a nagrodzi\u0107 Zosi\u0119, Krzysia oraz Hani\u0119! Mamy te\u017c sporo wyr\u00f3\u017cnie\u0144, gdy\u017c motyle nas urzek\u0142y  Dzi\u0119kujemy wszystkim, kt\u00f3rzy podj\u0119li wyzwanie i wzi\u0119li udzia\u0142 w konkursie. Serdecznie gratulujemy!!!<\/p>\n<p style=\"text-align: justify;\"><a href=\"https:\/\/www.facebook.com\/photo\/?fbid=954446149780469&amp;set=pcb.954446503113767\">FOTORELACJA\u00a0<\/a><\/p>\n<div class=\"pld-like-dislike-wrap pld-template-2\">\r\n    <div class=\"pld-like-wrap  pld-common-wrap\">\r\n    <a href=\"javascript:void(0)\" class=\"pld-like-trigger pld-like-dislike-trigger  \" title=\"\" data-post-id=\"18548\" data-trigger-type=\"like\" data-restriction=\"cookie\" data-already-liked=\"0\">\r\n                        <i class=\"fas fa-heart\"><\/i>\r\n                <\/a>\r\n    <span class=\"pld-like-count-wrap pld-count-wrap\">    <\/span>\r\n<\/div><\/div>","protected":false},"excerpt":{"rendered":"<p>Z przyjemno\u015bci\u0105 informujemy, \u017ce konkurs plastyczny pt. \u201eZaczarowany motyl\u201d zosta\u0142 rozstrzygni\u0119ty! Po burzliwej naradzie jury wybra\u0142o te prace, kt\u00f3re cechowa\u0142a przede wszystkim samodzielno\u015b\u0107 wykonania, ale tak\u017ce pomys\u0142owo\u015b\u0107 i estetyka. W wyniku wnikliwej oceny Komisja postanowi\u0142a nagrodzi\u0107 Zosi\u0119, Krzysia oraz Hani\u0119! Mamy te\u017c sporo wyr\u00f3\u017cnie\u0144, gdy\u017c motyle nas urzek\u0142y Dzi\u0119kujemy wszystkim, kt\u00f3rzy podj\u0119li wyzwanie i wzi\u0119li [&hellip;]<\/p>\n","protected":false},"author":2,"featured_media":18549,"comment_status":"closed","ping_status":"closed","sticky":false,"template":"","format":"standard","meta":{"_uag_custom_page_level_css":"","footnotes":""},"categories":[5],"tags":[],"class_list":["post-18548","post","type-post","status-publish","format-standard","has-post-thumbnail","hentry","category-z-zycia-szkoly"],"uagb_featured_image_src":{"full":["https:\/\/sp1.imielin.pl\/wp-content\/uploads\/2024\/03\/frrrr.png",636,334,false],"thumbnail":["https:\/\/sp1.imielin.pl\/wp-content\/uploads\/2024\/03\/frrrr-150x150.png",150,150,true],"medium":["https:\/\/sp1.imielin.pl\/wp-content\/uploads\/2024\/03\/frrrr-300x158.png",300,158,true],"medium_large":["https:\/\/sp1.imielin.pl\/wp-content\/uploads\/2024\/03\/frrrr.png",525,276,false],"large":["https:\/\/sp1.imielin.pl\/wp-content\/uploads\/2024\/03\/frrrr.png",525,276,false],"1536x1536":["https:\/\/sp1.imielin.pl\/wp-content\/uploads\/2024\/03\/frrrr.png",636,334,false],"2048x2048":["https:\/\/sp1.imielin.pl\/wp-content\/uploads\/2024\/03\/frrrr.png",636,334,false],"gurukul-education-featured-image":["https:\/\/sp1.imielin.pl\/wp-content\/uploads\/2024\/03\/frrrr.png",636,334,false],"gurukul-education-thumbnail-avatar":["https:\/\/sp1.imielin.pl\/wp-content\/uploads\/2024\/03\/frrrr-100x100.png",100,100,true]},"uagb_author_info":{"display_name":"Maria Habryka","author_link":"https:\/\/sp1.imielin.pl\/index.php\/author\/maria\/"},"uagb_comment_info":0,"uagb_excerpt":"Z przyjemno\u015bci\u0105 informujemy, \u017ce konkurs plastyczny pt. \u201eZaczarowany motyl\u201d zosta\u0142 rozstrzygni\u0119ty! Po burzliwej naradzie jury wybra\u0142o te prace, kt\u00f3re cechowa\u0142a przede wszystkim samodzielno\u015b\u0107 wykonania, ale tak\u017ce pomys\u0142owo\u015b\u0107 i estetyka. W wyniku wnikliwej oceny Komisja postanowi\u0142a nagrodzi\u0107 Zosi\u0119, Krzysia oraz Hani\u0119! Mamy te\u017c sporo wyr\u00f3\u017cnie\u0144, gdy\u017c motyle nas urzek\u0142y Dzi\u0119kujemy wszystkim, kt\u00f3rzy podj\u0119li wyzwanie i wzi\u0119li&hellip;","_links":{"self":[{"href":"https:\/\/sp1.imielin.pl\/index.php\/wp-json\/wp\/v2\/posts\/18548","targetHints":{"allow":["GET"]}}],"collection":[{"href":"https:\/\/sp1.imielin.pl\/index.php\/wp-json\/wp\/v2\/posts"}],"about":[{"href":"https:\/\/sp1.imielin.pl\/index.php\/wp-json\/wp\/v2\/types\/post"}],"author":[{"embeddable":true,"href":"https:\/\/sp1.imielin.pl\/index.php\/wp-json\/wp\/v2\/users\/2"}],"replies":[{"embeddable":true,"href":"https:\/\/sp1.imielin.pl\/index.php\/wp-json\/wp\/v2\/comments?post=18548"}],"version-history":[{"count":0,"href":"https:\/\/sp1.imielin.pl\/index.php\/wp-json\/wp\/v2\/posts\/18548\/revisions"}],"wp:featuredmedia":[{"embeddable":true,"href":"https:\/\/sp1.imielin.pl\/index.php\/wp-json\/wp\/v2\/media\/18549"}],"wp:attachment":[{"href":"https:\/\/sp1.imielin.pl\/index.php\/wp-json\/wp\/v2\/media?parent=18548"}],"wp:term":[{"taxonomy":"category","embeddable":true,"href":"https:\/\/sp1.imielin.pl\/index.php\/wp-json\/wp\/v2\/categories?post=18548"},{"taxonomy":"post_tag","embeddable":true,"href":"https:\/\/sp1.imielin.pl\/index.php\/wp-json\/wp\/v2\/tags?post=18548"}],"curies":[{"name":"wp","href":"https:\/\/api.w.org\/{rel}","templated":true}]}}