{"id":18575,"date":"2024-03-27T21:18:57","date_gmt":"2024-03-27T20:18:57","guid":{"rendered":"http:\/\/www.sp1.imielin.pl\/?p=18575"},"modified":"2024-03-27T21:18:57","modified_gmt":"2024-03-27T20:18:57","slug":"spotkanie-z-funkcjonariuszami-policji","status":"publish","type":"post","link":"https:\/\/sp1.imielin.pl\/index.php\/2024\/03\/27\/spotkanie-z-funkcjonariuszami-policji\/","title":{"rendered":"Spotkanie z funkcjonariuszami policji"},"content":{"rendered":"<p style=\"text-align: justify;\">Wczoraj klasy trzecie mia\u0142y pouczaj\u0105ce spotkanie z przedstawicielami policji z Komendy Powiatowej w Bieruniu. Go\u015bcili\u015bmy naczelnika Wydzia\u0142u Prewencji komisarza p. Damiana Dymanusa i sier\u017c. szt. p. Mateusza Urba\u0144czyka. Panowie udzielili dzieciom cennych wskaz\u00f3wek, jak si\u0119 zachowywa\u0107, by by\u0107 bezpiecznym. U\u015bwiadomili jakie zachowania s\u0105 niepo\u017c\u0105dane i co grozi za ich pope\u0142nianie. Przypomnieli tak\u017ce o obowi\u0105zkach i prawach. Zaprezentowali niezb\u0119dne wyposa\u017cenie. Nie oby\u0142o si\u0119 bez prezent\u00f3w &#8211; odblaski, kt\u00f3re na pewno si\u0119 przydadz\u0105. Za po\u015bwi\u0119cony czas dzi\u0119kujemy.<\/p>\n<p style=\"text-align: justify;\"><a href=\"https:\/\/www.facebook.com\/sp1.imielin\/videos\/1096010508362878\">FILM\u00a0<\/a><\/p>\n<div class=\"pld-like-dislike-wrap pld-template-2\">\r\n    <div class=\"pld-like-wrap  pld-common-wrap\">\r\n    <a href=\"javascript:void(0)\" class=\"pld-like-trigger pld-like-dislike-trigger  \" title=\"\" data-post-id=\"18575\" data-trigger-type=\"like\" data-restriction=\"cookie\" data-already-liked=\"0\">\r\n                        <i class=\"fas fa-heart\"><\/i>\r\n                <\/a>\r\n    <span class=\"pld-like-count-wrap pld-count-wrap\">    <\/span>\r\n<\/div><\/div>","protected":false},"excerpt":{"rendered":"<p>Wczoraj klasy trzecie mia\u0142y pouczaj\u0105ce spotkanie z przedstawicielami policji z Komendy Powiatowej w Bieruniu. Go\u015bcili\u015bmy naczelnika Wydzia\u0142u Prewencji komisarza p. Damiana Dymanusa i sier\u017c. szt. p. Mateusza Urba\u0144czyka. Panowie udzielili dzieciom cennych wskaz\u00f3wek, jak si\u0119 zachowywa\u0107, by by\u0107 bezpiecznym. U\u015bwiadomili jakie zachowania s\u0105 niepo\u017c\u0105dane i co grozi za ich pope\u0142nianie. Przypomnieli tak\u017ce o obowi\u0105zkach i [&hellip;]<\/p>\n","protected":false},"author":2,"featured_media":18576,"comment_status":"closed","ping_status":"closed","sticky":false,"template":"","format":"standard","meta":{"_uag_custom_page_level_css":"","footnotes":""},"categories":[5],"tags":[],"class_list":["post-18575","post","type-post","status-publish","format-standard","has-post-thumbnail","hentry","category-z-zycia-szkoly"],"uagb_featured_image_src":{"full":["https:\/\/sp1.imielin.pl\/wp-content\/uploads\/2024\/03\/weee.png",729,323,false],"thumbnail":["https:\/\/sp1.imielin.pl\/wp-content\/uploads\/2024\/03\/weee-150x150.png",150,150,true],"medium":["https:\/\/sp1.imielin.pl\/wp-content\/uploads\/2024\/03\/weee-300x133.png",300,133,true],"medium_large":["https:\/\/sp1.imielin.pl\/wp-content\/uploads\/2024\/03\/weee.png",525,233,false],"large":["https:\/\/sp1.imielin.pl\/wp-content\/uploads\/2024\/03\/weee.png",525,233,false],"1536x1536":["https:\/\/sp1.imielin.pl\/wp-content\/uploads\/2024\/03\/weee.png",729,323,false],"2048x2048":["https:\/\/sp1.imielin.pl\/wp-content\/uploads\/2024\/03\/weee.png",729,323,false],"gurukul-education-featured-image":["https:\/\/sp1.imielin.pl\/wp-content\/uploads\/2024\/03\/weee.png",729,323,false],"gurukul-education-thumbnail-avatar":["https:\/\/sp1.imielin.pl\/wp-content\/uploads\/2024\/03\/weee-100x100.png",100,100,true]},"uagb_author_info":{"display_name":"Maria Habryka","author_link":"https:\/\/sp1.imielin.pl\/index.php\/author\/maria\/"},"uagb_comment_info":0,"uagb_excerpt":"Wczoraj klasy trzecie mia\u0142y pouczaj\u0105ce spotkanie z przedstawicielami policji z Komendy Powiatowej w Bieruniu. Go\u015bcili\u015bmy naczelnika Wydzia\u0142u Prewencji komisarza p. Damiana Dymanusa i sier\u017c. szt. p. Mateusza Urba\u0144czyka. Panowie udzielili dzieciom cennych wskaz\u00f3wek, jak si\u0119 zachowywa\u0107, by by\u0107 bezpiecznym. U\u015bwiadomili jakie zachowania s\u0105 niepo\u017c\u0105dane i co grozi za ich pope\u0142nianie. Przypomnieli tak\u017ce o obowi\u0105zkach i&hellip;","_links":{"self":[{"href":"https:\/\/sp1.imielin.pl\/index.php\/wp-json\/wp\/v2\/posts\/18575","targetHints":{"allow":["GET"]}}],"collection":[{"href":"https:\/\/sp1.imielin.pl\/index.php\/wp-json\/wp\/v2\/posts"}],"about":[{"href":"https:\/\/sp1.imielin.pl\/index.php\/wp-json\/wp\/v2\/types\/post"}],"author":[{"embeddable":true,"href":"https:\/\/sp1.imielin.pl\/index.php\/wp-json\/wp\/v2\/users\/2"}],"replies":[{"embeddable":true,"href":"https:\/\/sp1.imielin.pl\/index.php\/wp-json\/wp\/v2\/comments?post=18575"}],"version-history":[{"count":0,"href":"https:\/\/sp1.imielin.pl\/index.php\/wp-json\/wp\/v2\/posts\/18575\/revisions"}],"wp:featuredmedia":[{"embeddable":true,"href":"https:\/\/sp1.imielin.pl\/index.php\/wp-json\/wp\/v2\/media\/18576"}],"wp:attachment":[{"href":"https:\/\/sp1.imielin.pl\/index.php\/wp-json\/wp\/v2\/media?parent=18575"}],"wp:term":[{"taxonomy":"category","embeddable":true,"href":"https:\/\/sp1.imielin.pl\/index.php\/wp-json\/wp\/v2\/categories?post=18575"},{"taxonomy":"post_tag","embeddable":true,"href":"https:\/\/sp1.imielin.pl\/index.php\/wp-json\/wp\/v2\/tags?post=18575"}],"curies":[{"name":"wp","href":"https:\/\/api.w.org\/{rel}","templated":true}]}}