{"id":18593,"date":"2024-04-03T17:59:15","date_gmt":"2024-04-03T15:59:15","guid":{"rendered":"http:\/\/www.sp1.imielin.pl\/?p=18593"},"modified":"2024-04-03T17:59:15","modified_gmt":"2024-04-03T15:59:15","slug":"swiatowy-dzien-swiadomosci-autyzmu","status":"publish","type":"post","link":"https:\/\/sp1.imielin.pl\/index.php\/2024\/04\/03\/swiatowy-dzien-swiadomosci-autyzmu\/","title":{"rendered":"\u015awiatowy Dzie\u0144 \u015awiadomo\u015bci Autyzmu"},"content":{"rendered":"<p>2 kwietnia to \u015awiatowy Dzie\u0144 \u015awiadomo\u015bci Autyzmu, kt\u00f3rego celem jest podnoszenie wiedzy oraz \u015bwiadomo\u015bci spo\u0142ecznej na temat os\u00f3b z autyzmem oraz ich funkcjonowania. To tak\u017ce wyraz sprzeciwu przeciw wykluczeniu spo\u0142ecznemu i stereotypom wobec os\u00f3b dotkni\u0119tych tym zaburzeniem. Autyzm jest ca\u0142o\u015bciowym zaburzeniem rozwoju o charakterze neurologicznym. Przejawia si\u0119 trudno\u015bciami w rozumieniu i odmienno\u015bci\u0105 w postrzeganiu otaczaj\u0105cego \u015bwiata.<br \/>\nJako wyraz wsparcia os\u00f3b w spektrum autyzmu i ich rodzin wzi\u0119li\u015bmy udzia\u0142 inicjatywie polegaj\u0105cej na tym, \u017ce w dniu dzisiejszym ubrali\u015bmy si\u0119 na NIEBIESKO, wyra\u017caj\u0105c tym samym nasze zrozumienie.<\/p>\n<p><a href=\"https:\/\/www.facebook.com\/photo?fbid=960529675838783&amp;set=pcb.960529839172100\">FOTORELACJA\u00a0<\/a><\/p>\n<div class=\"pld-like-dislike-wrap pld-template-2\">\r\n    <div class=\"pld-like-wrap  pld-common-wrap\">\r\n    <a href=\"javascript:void(0)\" class=\"pld-like-trigger pld-like-dislike-trigger  \" title=\"\" data-post-id=\"18593\" data-trigger-type=\"like\" data-restriction=\"cookie\" data-already-liked=\"0\">\r\n                        <i class=\"fas fa-heart\"><\/i>\r\n                <\/a>\r\n    <span class=\"pld-like-count-wrap pld-count-wrap\">    <\/span>\r\n<\/div><\/div>","protected":false},"excerpt":{"rendered":"<p>2 kwietnia to \u015awiatowy Dzie\u0144 \u015awiadomo\u015bci Autyzmu, kt\u00f3rego celem jest podnoszenie wiedzy oraz \u015bwiadomo\u015bci spo\u0142ecznej na temat os\u00f3b z autyzmem oraz ich funkcjonowania. To tak\u017ce wyraz sprzeciwu przeciw wykluczeniu spo\u0142ecznemu i stereotypom wobec os\u00f3b dotkni\u0119tych tym zaburzeniem. Autyzm jest ca\u0142o\u015bciowym zaburzeniem rozwoju o charakterze neurologicznym. Przejawia si\u0119 trudno\u015bciami w rozumieniu i odmienno\u015bci\u0105 w postrzeganiu otaczaj\u0105cego [&hellip;]<\/p>\n","protected":false},"author":2,"featured_media":18594,"comment_status":"closed","ping_status":"closed","sticky":false,"template":"","format":"standard","meta":{"_uag_custom_page_level_css":"","footnotes":""},"categories":[5],"tags":[],"class_list":["post-18593","post","type-post","status-publish","format-standard","has-post-thumbnail","hentry","category-z-zycia-szkoly"],"uagb_featured_image_src":{"full":["https:\/\/sp1.imielin.pl\/wp-content\/uploads\/2024\/04\/435521123_960530009172083_299703761670921954_n.jpg",512,384,false],"thumbnail":["https:\/\/sp1.imielin.pl\/wp-content\/uploads\/2024\/04\/435521123_960530009172083_299703761670921954_n-150x150.jpg",150,150,true],"medium":["https:\/\/sp1.imielin.pl\/wp-content\/uploads\/2024\/04\/435521123_960530009172083_299703761670921954_n-300x225.jpg",300,225,true],"medium_large":["https:\/\/sp1.imielin.pl\/wp-content\/uploads\/2024\/04\/435521123_960530009172083_299703761670921954_n.jpg",512,384,false],"large":["https:\/\/sp1.imielin.pl\/wp-content\/uploads\/2024\/04\/435521123_960530009172083_299703761670921954_n.jpg",512,384,false],"1536x1536":["https:\/\/sp1.imielin.pl\/wp-content\/uploads\/2024\/04\/435521123_960530009172083_299703761670921954_n.jpg",512,384,false],"2048x2048":["https:\/\/sp1.imielin.pl\/wp-content\/uploads\/2024\/04\/435521123_960530009172083_299703761670921954_n.jpg",512,384,false],"gurukul-education-featured-image":["https:\/\/sp1.imielin.pl\/wp-content\/uploads\/2024\/04\/435521123_960530009172083_299703761670921954_n.jpg",512,384,false],"gurukul-education-thumbnail-avatar":["https:\/\/sp1.imielin.pl\/wp-content\/uploads\/2024\/04\/435521123_960530009172083_299703761670921954_n-100x100.jpg",100,100,true]},"uagb_author_info":{"display_name":"Maria Habryka","author_link":"https:\/\/sp1.imielin.pl\/index.php\/author\/maria\/"},"uagb_comment_info":0,"uagb_excerpt":"2 kwietnia to \u015awiatowy Dzie\u0144 \u015awiadomo\u015bci Autyzmu, kt\u00f3rego celem jest podnoszenie wiedzy oraz \u015bwiadomo\u015bci spo\u0142ecznej na temat os\u00f3b z autyzmem oraz ich funkcjonowania. To tak\u017ce wyraz sprzeciwu przeciw wykluczeniu spo\u0142ecznemu i stereotypom wobec os\u00f3b dotkni\u0119tych tym zaburzeniem. Autyzm jest ca\u0142o\u015bciowym zaburzeniem rozwoju o charakterze neurologicznym. Przejawia si\u0119 trudno\u015bciami w rozumieniu i odmienno\u015bci\u0105 w postrzeganiu otaczaj\u0105cego&hellip;","_links":{"self":[{"href":"https:\/\/sp1.imielin.pl\/index.php\/wp-json\/wp\/v2\/posts\/18593","targetHints":{"allow":["GET"]}}],"collection":[{"href":"https:\/\/sp1.imielin.pl\/index.php\/wp-json\/wp\/v2\/posts"}],"about":[{"href":"https:\/\/sp1.imielin.pl\/index.php\/wp-json\/wp\/v2\/types\/post"}],"author":[{"embeddable":true,"href":"https:\/\/sp1.imielin.pl\/index.php\/wp-json\/wp\/v2\/users\/2"}],"replies":[{"embeddable":true,"href":"https:\/\/sp1.imielin.pl\/index.php\/wp-json\/wp\/v2\/comments?post=18593"}],"version-history":[{"count":0,"href":"https:\/\/sp1.imielin.pl\/index.php\/wp-json\/wp\/v2\/posts\/18593\/revisions"}],"wp:featuredmedia":[{"embeddable":true,"href":"https:\/\/sp1.imielin.pl\/index.php\/wp-json\/wp\/v2\/media\/18594"}],"wp:attachment":[{"href":"https:\/\/sp1.imielin.pl\/index.php\/wp-json\/wp\/v2\/media?parent=18593"}],"wp:term":[{"taxonomy":"category","embeddable":true,"href":"https:\/\/sp1.imielin.pl\/index.php\/wp-json\/wp\/v2\/categories?post=18593"},{"taxonomy":"post_tag","embeddable":true,"href":"https:\/\/sp1.imielin.pl\/index.php\/wp-json\/wp\/v2\/tags?post=18593"}],"curies":[{"name":"wp","href":"https:\/\/api.w.org\/{rel}","templated":true}]}}