{"id":18617,"date":"2024-04-08T20:54:29","date_gmt":"2024-04-08T18:54:29","guid":{"rendered":"http:\/\/www.sp1.imielin.pl\/?p=18617"},"modified":"2024-04-08T20:54:29","modified_gmt":"2024-04-08T18:54:29","slug":"maszerujemy-na-lekcji-wychowania-fizycznego","status":"publish","type":"post","link":"https:\/\/sp1.imielin.pl\/index.php\/2024\/04\/08\/maszerujemy-na-lekcji-wychowania-fizycznego\/","title":{"rendered":"Maszerujemy na lekcji wychowania fizycznego"},"content":{"rendered":"<p>Maszerujemy, by zachowa\u0107 zdrowie i mie\u0107 energi\u0119. Uczymy si\u0119 na lekcji w-f, jak zadba\u0107 o nasz\u0105 kondycj\u0119 fizyczn\u0105 w przysz\u0142o\u015bci &#8211; &#8222;W zdrowym ciele zdrowy duch&#8221;.<\/p>\n<p><a href=\"https:\/\/www.facebook.com\/sp1.imielin\/videos\/758094769739779\">FILM <\/a><\/p>\n<div class=\"pld-like-dislike-wrap pld-template-2\">\r\n    <div class=\"pld-like-wrap  pld-common-wrap\">\r\n    <a href=\"javascript:void(0)\" class=\"pld-like-trigger pld-like-dislike-trigger  \" title=\"\" data-post-id=\"18617\" data-trigger-type=\"like\" data-restriction=\"cookie\" data-already-liked=\"0\">\r\n                        <i class=\"fas fa-heart\"><\/i>\r\n                <\/a>\r\n    <span class=\"pld-like-count-wrap pld-count-wrap\">    <\/span>\r\n<\/div><\/div>","protected":false},"excerpt":{"rendered":"<p>Maszerujemy, by zachowa\u0107 zdrowie i mie\u0107 energi\u0119. Uczymy si\u0119 na lekcji w-f, jak zadba\u0107 o nasz\u0105 kondycj\u0119 fizyczn\u0105 w przysz\u0142o\u015bci &#8211; &#8222;W zdrowym ciele zdrowy duch&#8221;. FILM<\/p>\n","protected":false},"author":2,"featured_media":18618,"comment_status":"closed","ping_status":"closed","sticky":false,"template":"","format":"standard","meta":{"_uag_custom_page_level_css":"","footnotes":""},"categories":[5],"tags":[],"class_list":["post-18617","post","type-post","status-publish","format-standard","has-post-thumbnail","hentry","category-z-zycia-szkoly"],"uagb_featured_image_src":{"full":["https:\/\/sp1.imielin.pl\/wp-content\/uploads\/2024\/04\/hhtfgf.png",557,308,false],"thumbnail":["https:\/\/sp1.imielin.pl\/wp-content\/uploads\/2024\/04\/hhtfgf-150x150.png",150,150,true],"medium":["https:\/\/sp1.imielin.pl\/wp-content\/uploads\/2024\/04\/hhtfgf-300x166.png",300,166,true],"medium_large":["https:\/\/sp1.imielin.pl\/wp-content\/uploads\/2024\/04\/hhtfgf.png",525,290,false],"large":["https:\/\/sp1.imielin.pl\/wp-content\/uploads\/2024\/04\/hhtfgf.png",525,290,false],"1536x1536":["https:\/\/sp1.imielin.pl\/wp-content\/uploads\/2024\/04\/hhtfgf.png",557,308,false],"2048x2048":["https:\/\/sp1.imielin.pl\/wp-content\/uploads\/2024\/04\/hhtfgf.png",557,308,false],"gurukul-education-featured-image":["https:\/\/sp1.imielin.pl\/wp-content\/uploads\/2024\/04\/hhtfgf.png",557,308,false],"gurukul-education-thumbnail-avatar":["https:\/\/sp1.imielin.pl\/wp-content\/uploads\/2024\/04\/hhtfgf-100x100.png",100,100,true]},"uagb_author_info":{"display_name":"Maria Habryka","author_link":"https:\/\/sp1.imielin.pl\/index.php\/author\/maria\/"},"uagb_comment_info":0,"uagb_excerpt":"Maszerujemy, by zachowa\u0107 zdrowie i mie\u0107 energi\u0119. Uczymy si\u0119 na lekcji w-f, jak zadba\u0107 o nasz\u0105 kondycj\u0119 fizyczn\u0105 w przysz\u0142o\u015bci &#8211; &#8222;W zdrowym ciele zdrowy duch&#8221;. FILM","_links":{"self":[{"href":"https:\/\/sp1.imielin.pl\/index.php\/wp-json\/wp\/v2\/posts\/18617","targetHints":{"allow":["GET"]}}],"collection":[{"href":"https:\/\/sp1.imielin.pl\/index.php\/wp-json\/wp\/v2\/posts"}],"about":[{"href":"https:\/\/sp1.imielin.pl\/index.php\/wp-json\/wp\/v2\/types\/post"}],"author":[{"embeddable":true,"href":"https:\/\/sp1.imielin.pl\/index.php\/wp-json\/wp\/v2\/users\/2"}],"replies":[{"embeddable":true,"href":"https:\/\/sp1.imielin.pl\/index.php\/wp-json\/wp\/v2\/comments?post=18617"}],"version-history":[{"count":0,"href":"https:\/\/sp1.imielin.pl\/index.php\/wp-json\/wp\/v2\/posts\/18617\/revisions"}],"wp:featuredmedia":[{"embeddable":true,"href":"https:\/\/sp1.imielin.pl\/index.php\/wp-json\/wp\/v2\/media\/18618"}],"wp:attachment":[{"href":"https:\/\/sp1.imielin.pl\/index.php\/wp-json\/wp\/v2\/media?parent=18617"}],"wp:term":[{"taxonomy":"category","embeddable":true,"href":"https:\/\/sp1.imielin.pl\/index.php\/wp-json\/wp\/v2\/categories?post=18617"},{"taxonomy":"post_tag","embeddable":true,"href":"https:\/\/sp1.imielin.pl\/index.php\/wp-json\/wp\/v2\/tags?post=18617"}],"curies":[{"name":"wp","href":"https:\/\/api.w.org\/{rel}","templated":true}]}}