{"id":18690,"date":"2024-04-24T21:13:34","date_gmt":"2024-04-24T19:13:34","guid":{"rendered":"http:\/\/www.sp1.imielin.pl\/?p=18690"},"modified":"2024-04-24T21:13:34","modified_gmt":"2024-04-24T19:13:34","slug":"mistrz-matematyki-2","status":"publish","type":"post","link":"https:\/\/sp1.imielin.pl\/index.php\/2024\/04\/24\/mistrz-matematyki-2\/","title":{"rendered":"Mistrz Matematyki!"},"content":{"rendered":"<p style=\"text-align: justify;\">Na Piotrka Krawczyka z 4b od dzi\u015b mo\u017cecie m\u00f3wi\u0107: &#8222;mistrz&#8221; lub &#8222;mistrzu&#8221; i nie b\u0119dzie to nadu\u017cycie . A dlaczego? Ju\u017c wyja\u015bniamy. W Bibliotece Miejskiej odby\u0142 si\u0119 Powiatowy Konkurs Mistrz Matematyki, kt\u00f3ry zorganizowa\u0142a Szko\u0142a Podstawowa nr 2 im. Kardyna\u0142a Stefana Wyszy\u0144skiego w Imielinie. W rozgrywkach wzi\u0119\u0142o udzia\u0142 45 mi\u0142o\u015bnik\u00f3w tej dziedziny nauki. SP1 w czterech kategoriach wiekowych reprezentowali: Piotr Krawczyk &#8211; klasa IV, Kamil Kubica &#8211; V, Olivier Zmarzlik &#8211; VI oraz Maciej Siwo\u0144 &#8211; VII, zwyci\u0119zcy eliminacji szkolnych. Zaszczytny tytu\u0142 Mistrza Matematyki klas IV w konkursie powiatowym zdoby\u0142 w\u0142a\u015bnie PIOTR KRAWCZYK, kt\u00f3remu gor\u0105co gratulujemy sukcesu!  Bardzo blisko osi\u0105gni\u0119cia zwyci\u0119stwa by\u0142 r\u00f3wnie\u017c nasz pi\u0105toklasista Kamil Kubica &#8211; w dogrywce o mistrzostwo jednym punktem straty odda\u0142 tytu\u0142 swej konkurentce. Dobrze radzili sobie te\u017c Olivier i Maciek. Cieszymy si\u0119 niezmiernie z zapa\u0142u ch\u0142opak\u00f3w do poszerzania wiedzy matematycznej i \u017cyczymy dalszego rozwijania swej pasji. <\/p>\n<p style=\"text-align: justify;\"><a href=\"https:\/\/www.facebook.com\/photo\/?fbid=974278624463888&amp;set=pcb.974278694463881\">FOTORELACJA\u00a0<\/a><\/p>\n<div class=\"pld-like-dislike-wrap pld-template-2\">\r\n    <div class=\"pld-like-wrap  pld-common-wrap\">\r\n    <a href=\"javascript:void(0)\" class=\"pld-like-trigger pld-like-dislike-trigger  \" title=\"\" data-post-id=\"18690\" data-trigger-type=\"like\" data-restriction=\"cookie\" data-already-liked=\"0\">\r\n                        <i class=\"fas fa-heart\"><\/i>\r\n                <\/a>\r\n    <span class=\"pld-like-count-wrap pld-count-wrap\">    <\/span>\r\n<\/div><\/div>","protected":false},"excerpt":{"rendered":"<p>Na Piotrka Krawczyka z 4b od dzi\u015b mo\u017cecie m\u00f3wi\u0107: &#8222;mistrz&#8221; lub &#8222;mistrzu&#8221; i nie b\u0119dzie to nadu\u017cycie . A dlaczego? Ju\u017c wyja\u015bniamy. W Bibliotece Miejskiej odby\u0142 si\u0119 Powiatowy Konkurs Mistrz Matematyki, kt\u00f3ry zorganizowa\u0142a Szko\u0142a Podstawowa nr 2 im. Kardyna\u0142a Stefana Wyszy\u0144skiego w Imielinie. W rozgrywkach wzi\u0119\u0142o udzia\u0142 45 mi\u0142o\u015bnik\u00f3w tej dziedziny nauki. SP1 w czterech [&hellip;]<\/p>\n","protected":false},"author":2,"featured_media":18691,"comment_status":"closed","ping_status":"closed","sticky":false,"template":"","format":"standard","meta":{"_uag_custom_page_level_css":"","footnotes":""},"categories":[5],"tags":[],"class_list":["post-18690","post","type-post","status-publish","format-standard","has-post-thumbnail","hentry","category-z-zycia-szkoly"],"uagb_featured_image_src":{"full":["https:\/\/sp1.imielin.pl\/wp-content\/uploads\/2024\/04\/rew.png",879,374,false],"thumbnail":["https:\/\/sp1.imielin.pl\/wp-content\/uploads\/2024\/04\/rew-150x150.png",150,150,true],"medium":["https:\/\/sp1.imielin.pl\/wp-content\/uploads\/2024\/04\/rew-300x128.png",300,128,true],"medium_large":["https:\/\/sp1.imielin.pl\/wp-content\/uploads\/2024\/04\/rew-768x327.png",525,224,true],"large":["https:\/\/sp1.imielin.pl\/wp-content\/uploads\/2024\/04\/rew.png",525,223,false],"1536x1536":["https:\/\/sp1.imielin.pl\/wp-content\/uploads\/2024\/04\/rew.png",879,374,false],"2048x2048":["https:\/\/sp1.imielin.pl\/wp-content\/uploads\/2024\/04\/rew.png",879,374,false],"gurukul-education-featured-image":["https:\/\/sp1.imielin.pl\/wp-content\/uploads\/2024\/04\/rew.png",879,374,false],"gurukul-education-thumbnail-avatar":["https:\/\/sp1.imielin.pl\/wp-content\/uploads\/2024\/04\/rew-100x100.png",100,100,true]},"uagb_author_info":{"display_name":"Maria Habryka","author_link":"https:\/\/sp1.imielin.pl\/index.php\/author\/maria\/"},"uagb_comment_info":0,"uagb_excerpt":"Na Piotrka Krawczyka z 4b od dzi\u015b mo\u017cecie m\u00f3wi\u0107: &#8222;mistrz&#8221; lub &#8222;mistrzu&#8221; i nie b\u0119dzie to nadu\u017cycie . A dlaczego? Ju\u017c wyja\u015bniamy. W Bibliotece Miejskiej odby\u0142 si\u0119 Powiatowy Konkurs Mistrz Matematyki, kt\u00f3ry zorganizowa\u0142a Szko\u0142a Podstawowa nr 2 im. Kardyna\u0142a Stefana Wyszy\u0144skiego w Imielinie. W rozgrywkach wzi\u0119\u0142o udzia\u0142 45 mi\u0142o\u015bnik\u00f3w tej dziedziny nauki. SP1 w czterech&hellip;","_links":{"self":[{"href":"https:\/\/sp1.imielin.pl\/index.php\/wp-json\/wp\/v2\/posts\/18690","targetHints":{"allow":["GET"]}}],"collection":[{"href":"https:\/\/sp1.imielin.pl\/index.php\/wp-json\/wp\/v2\/posts"}],"about":[{"href":"https:\/\/sp1.imielin.pl\/index.php\/wp-json\/wp\/v2\/types\/post"}],"author":[{"embeddable":true,"href":"https:\/\/sp1.imielin.pl\/index.php\/wp-json\/wp\/v2\/users\/2"}],"replies":[{"embeddable":true,"href":"https:\/\/sp1.imielin.pl\/index.php\/wp-json\/wp\/v2\/comments?post=18690"}],"version-history":[{"count":0,"href":"https:\/\/sp1.imielin.pl\/index.php\/wp-json\/wp\/v2\/posts\/18690\/revisions"}],"wp:featuredmedia":[{"embeddable":true,"href":"https:\/\/sp1.imielin.pl\/index.php\/wp-json\/wp\/v2\/media\/18691"}],"wp:attachment":[{"href":"https:\/\/sp1.imielin.pl\/index.php\/wp-json\/wp\/v2\/media?parent=18690"}],"wp:term":[{"taxonomy":"category","embeddable":true,"href":"https:\/\/sp1.imielin.pl\/index.php\/wp-json\/wp\/v2\/categories?post=18690"},{"taxonomy":"post_tag","embeddable":true,"href":"https:\/\/sp1.imielin.pl\/index.php\/wp-json\/wp\/v2\/tags?post=18690"}],"curies":[{"name":"wp","href":"https:\/\/api.w.org\/{rel}","templated":true}]}}