{"id":18709,"date":"2024-04-28T07:47:59","date_gmt":"2024-04-28T05:47:59","guid":{"rendered":"http:\/\/www.sp1.imielin.pl\/?p=18709"},"modified":"2024-04-28T07:47:59","modified_gmt":"2024-04-28T05:47:59","slug":"gimnastyka-artystyczna","status":"publish","type":"post","link":"https:\/\/sp1.imielin.pl\/index.php\/2024\/04\/28\/gimnastyka-artystyczna\/","title":{"rendered":"Gimnastyka artystyczna"},"content":{"rendered":"<p style=\"text-align: justify;\">Zako\u0144czy\u0142y si\u0119 Eliminacje do Og\u00f3lnopolskiej Olimpiady M\u0142odzie\u017cy w gimnastyce artystycznej w klasie II, kt\u00f3re odby\u0142y si\u0119 w \u0141odzi. Nasza uczennica \u017baneta Hudzikowska uzyska\u0142a kwalifikacj\u0119 do Og\u00f3lnopolskiej Olimpiady M\u0142odzie\u017cy 2024. Serdecznie gratulujemy sukcesu \u2764\ufe0f<\/p>\n<p style=\"text-align: justify;\"><a href=\"https:\/\/www.facebook.com\/photo?fbid=976604977564586&amp;set=pcb.976605054231245\">FOTORELACJA <\/a><\/p>\n<div class=\"pld-like-dislike-wrap pld-template-2\">\r\n    <div class=\"pld-like-wrap  pld-common-wrap\">\r\n    <a href=\"javascript:void(0)\" class=\"pld-like-trigger pld-like-dislike-trigger  \" title=\"\" data-post-id=\"18709\" data-trigger-type=\"like\" data-restriction=\"cookie\" data-already-liked=\"0\">\r\n                        <i class=\"fas fa-heart\"><\/i>\r\n                <\/a>\r\n    <span class=\"pld-like-count-wrap pld-count-wrap\">    <\/span>\r\n<\/div><\/div>","protected":false},"excerpt":{"rendered":"<p>Zako\u0144czy\u0142y si\u0119 Eliminacje do Og\u00f3lnopolskiej Olimpiady M\u0142odzie\u017cy w gimnastyce artystycznej w klasie II, kt\u00f3re odby\u0142y si\u0119 w \u0141odzi. Nasza uczennica \u017baneta Hudzikowska uzyska\u0142a kwalifikacj\u0119 do Og\u00f3lnopolskiej Olimpiady M\u0142odzie\u017cy 2024. Serdecznie gratulujemy sukcesu \u2764\ufe0f FOTORELACJA<\/p>\n","protected":false},"author":2,"featured_media":18710,"comment_status":"closed","ping_status":"closed","sticky":false,"template":"","format":"standard","meta":{"_uag_custom_page_level_css":"","footnotes":""},"categories":[5],"tags":[],"class_list":["post-18709","post","type-post","status-publish","format-standard","has-post-thumbnail","hentry","category-z-zycia-szkoly"],"uagb_featured_image_src":{"full":["https:\/\/sp1.imielin.pl\/wp-content\/uploads\/2024\/04\/hyytrr.png",534,291,false],"thumbnail":["https:\/\/sp1.imielin.pl\/wp-content\/uploads\/2024\/04\/hyytrr-150x150.png",150,150,true],"medium":["https:\/\/sp1.imielin.pl\/wp-content\/uploads\/2024\/04\/hyytrr-300x163.png",300,163,true],"medium_large":["https:\/\/sp1.imielin.pl\/wp-content\/uploads\/2024\/04\/hyytrr.png",525,286,false],"large":["https:\/\/sp1.imielin.pl\/wp-content\/uploads\/2024\/04\/hyytrr.png",525,286,false],"1536x1536":["https:\/\/sp1.imielin.pl\/wp-content\/uploads\/2024\/04\/hyytrr.png",534,291,false],"2048x2048":["https:\/\/sp1.imielin.pl\/wp-content\/uploads\/2024\/04\/hyytrr.png",534,291,false],"gurukul-education-featured-image":["https:\/\/sp1.imielin.pl\/wp-content\/uploads\/2024\/04\/hyytrr.png",534,291,false],"gurukul-education-thumbnail-avatar":["https:\/\/sp1.imielin.pl\/wp-content\/uploads\/2024\/04\/hyytrr-100x100.png",100,100,true]},"uagb_author_info":{"display_name":"Maria Habryka","author_link":"https:\/\/sp1.imielin.pl\/index.php\/author\/maria\/"},"uagb_comment_info":0,"uagb_excerpt":"Zako\u0144czy\u0142y si\u0119 Eliminacje do Og\u00f3lnopolskiej Olimpiady M\u0142odzie\u017cy w gimnastyce artystycznej w klasie II, kt\u00f3re odby\u0142y si\u0119 w \u0141odzi. Nasza uczennica \u017baneta Hudzikowska uzyska\u0142a kwalifikacj\u0119 do Og\u00f3lnopolskiej Olimpiady M\u0142odzie\u017cy 2024. Serdecznie gratulujemy sukcesu \u2764\ufe0f FOTORELACJA","_links":{"self":[{"href":"https:\/\/sp1.imielin.pl\/index.php\/wp-json\/wp\/v2\/posts\/18709","targetHints":{"allow":["GET"]}}],"collection":[{"href":"https:\/\/sp1.imielin.pl\/index.php\/wp-json\/wp\/v2\/posts"}],"about":[{"href":"https:\/\/sp1.imielin.pl\/index.php\/wp-json\/wp\/v2\/types\/post"}],"author":[{"embeddable":true,"href":"https:\/\/sp1.imielin.pl\/index.php\/wp-json\/wp\/v2\/users\/2"}],"replies":[{"embeddable":true,"href":"https:\/\/sp1.imielin.pl\/index.php\/wp-json\/wp\/v2\/comments?post=18709"}],"version-history":[{"count":0,"href":"https:\/\/sp1.imielin.pl\/index.php\/wp-json\/wp\/v2\/posts\/18709\/revisions"}],"wp:featuredmedia":[{"embeddable":true,"href":"https:\/\/sp1.imielin.pl\/index.php\/wp-json\/wp\/v2\/media\/18710"}],"wp:attachment":[{"href":"https:\/\/sp1.imielin.pl\/index.php\/wp-json\/wp\/v2\/media?parent=18709"}],"wp:term":[{"taxonomy":"category","embeddable":true,"href":"https:\/\/sp1.imielin.pl\/index.php\/wp-json\/wp\/v2\/categories?post=18709"},{"taxonomy":"post_tag","embeddable":true,"href":"https:\/\/sp1.imielin.pl\/index.php\/wp-json\/wp\/v2\/tags?post=18709"}],"curies":[{"name":"wp","href":"https:\/\/api.w.org\/{rel}","templated":true}]}}