{"id":18744,"date":"2024-05-06T20:07:44","date_gmt":"2024-05-06T18:07:44","guid":{"rendered":"http:\/\/www.sp1.imielin.pl\/?p=18744"},"modified":"2024-05-06T20:07:44","modified_gmt":"2024-05-06T18:07:44","slug":"ogolnopolskie-wybory-ksiazek","status":"publish","type":"post","link":"https:\/\/sp1.imielin.pl\/index.php\/2024\/05\/06\/ogolnopolskie-wybory-ksiazek\/","title":{"rendered":"Og\u00f3lnopolskie wybory ksi\u0105\u017cek"},"content":{"rendered":"<p>Dzisiaj do biblioteki przyszli przede wszystkim ci, kt\u00f3rzy chcieli odda\u0107 sw\u00f3j g\u0142os na najfajniejsz\u0105, ostatnio przeczytan\u0105 ksi\u0105\u017ck\u0119 w ramach Og\u00f3lnopolskich Wybor\u00f3w Ksi\u0105\u017cek.<br \/>\nG\u0142osowanie by\u0142o anonimowe, a akcja mia\u0142a na celu zbadanie, co rzeczywi\u015bcie czytaj\u0105 dzieci i m\u0142odzie\u017c.<br \/>\nStron\u0119 promocyjn\u0105, organizacyjn\u0105 oraz piecz\u0119 nad prawid\u0142owym przebiegiem g\u0142osowania zapewni\u0142 Samorz\u0105d Uczniowski.<br \/>\nKomisja w sk\u0142adzie Ania, Ma\u0142gosia i Olivier czuwa\u0142a nad prawid\u0142owym przebiegiem g\u0142osowania.<br \/>\nNatomiast Amelia i Natalia szpera\u0142y w sieci, aby pom\u00f3c tym, kt\u00f3rzy nie do ko\u0144ca pami\u0119tali tytu\u0142 lub autora ksi\u0105\u017cki.<br \/>\nW g\u0142osowaniu wzi\u0119\u0142o udzia\u0142 przesz\u0142o 33% uczni\u00f3w spo\u0142eczno\u015bci szkolnej.<br \/>\nWyniki opublikujemy w \u015brod\u0119 na tablicy og\u0142oszeniowej przy bibliotece szkolnej.<br \/>\nWszystkie typowane tytu\u0142y zostan\u0105 przes\u0142ane do organizatora i wejd\u0105 w sk\u0142ad og\u00f3lnopolskiej listy.<br \/>\nOpr\u00f3cz g\u0142osowania uczniowie mieli tak\u017ce mo\u017cliwo\u015b\u0107 odpowiedzi na pytanie:<br \/>\nDlaczego warto g\u0142osowa\u0107?<br \/>\nOdpowiedzi s\u0105 bardzo interesuj\u0105ce, dlatego kilka przyk\u0142ad\u00f3w:<br \/>\n\u2026poniewa\u017c mam prawo g\u0142osu<br \/>\n\u2026bo daje mi to satysfakcj\u0119<br \/>\n\u2026poniewa\u017c ponosimy jak\u0105\u015b odpowiedzialno\u015b\u0107<br \/>\n\u2026 zawsze chcia\u0142am zag\u0142osowa\u0107<br \/>\n\u2026bo warto czyta\u0107<br \/>\n\u2026bo lubi\u0119 mie\u0107 na co\u015b wp\u0142yw<br \/>\n\u2026bo mam g\u0142os w tej szkole<br \/>\n\u2026bo warto<br \/>\n\u2026bo lubi\u0119 czyta\u0107<br \/>\n\u2026bo mo\u017cna komu\u015b pom\u00f3c wybra\u0107 ksi\u0105\u017ck\u0119<br \/>\n&#8230;\u017ceby poleci\u0107 innym ksi\u0105\u017ck\u0119<br \/>\n\u2026bo to fajne<br \/>\n\u2026poniewa\u017c mo\u017cna wskaza\u0107 swoj\u0105 ulubion\u0105 ksi\u0105\u017ck\u0119 i zobaczy\u0107, czy kto\u015b j\u0105 jeszcze lubi i zna.<\/p>\n<p><a href=\"https:\/\/www.facebook.com\/photo\/?fbid=982418046983279&amp;set=pcb.982418886983195\">FOTORELACJA\u00a0<\/a><\/p>\n<div class=\"pld-like-dislike-wrap pld-template-2\">\r\n    <div class=\"pld-like-wrap  pld-common-wrap\">\r\n    <a href=\"javascript:void(0)\" class=\"pld-like-trigger pld-like-dislike-trigger  \" title=\"\" data-post-id=\"18744\" data-trigger-type=\"like\" data-restriction=\"cookie\" data-already-liked=\"0\">\r\n                        <i class=\"fas fa-heart\"><\/i>\r\n                <\/a>\r\n    <span class=\"pld-like-count-wrap pld-count-wrap\">    <\/span>\r\n<\/div><\/div>","protected":false},"excerpt":{"rendered":"<p>Dzisiaj do biblioteki przyszli przede wszystkim ci, kt\u00f3rzy chcieli odda\u0107 sw\u00f3j g\u0142os na najfajniejsz\u0105, ostatnio przeczytan\u0105 ksi\u0105\u017ck\u0119 w ramach Og\u00f3lnopolskich Wybor\u00f3w Ksi\u0105\u017cek. G\u0142osowanie by\u0142o anonimowe, a akcja mia\u0142a na celu zbadanie, co rzeczywi\u015bcie czytaj\u0105 dzieci i m\u0142odzie\u017c. Stron\u0119 promocyjn\u0105, organizacyjn\u0105 oraz piecz\u0119 nad prawid\u0142owym przebiegiem g\u0142osowania zapewni\u0142 Samorz\u0105d Uczniowski. Komisja w sk\u0142adzie Ania, Ma\u0142gosia i [&hellip;]<\/p>\n","protected":false},"author":2,"featured_media":18745,"comment_status":"closed","ping_status":"closed","sticky":false,"template":"","format":"standard","meta":{"_uag_custom_page_level_css":"","footnotes":""},"categories":[5],"tags":[],"class_list":["post-18744","post","type-post","status-publish","format-standard","has-post-thumbnail","hentry","category-z-zycia-szkoly"],"uagb_featured_image_src":{"full":["https:\/\/sp1.imielin.pl\/wp-content\/uploads\/2024\/05\/440479372_982419526983131_4822206213210895344_n.jpg",672,194,false],"thumbnail":["https:\/\/sp1.imielin.pl\/wp-content\/uploads\/2024\/05\/440479372_982419526983131_4822206213210895344_n-150x150.jpg",150,150,true],"medium":["https:\/\/sp1.imielin.pl\/wp-content\/uploads\/2024\/05\/440479372_982419526983131_4822206213210895344_n-300x87.jpg",300,87,true],"medium_large":["https:\/\/sp1.imielin.pl\/wp-content\/uploads\/2024\/05\/440479372_982419526983131_4822206213210895344_n.jpg",525,152,false],"large":["https:\/\/sp1.imielin.pl\/wp-content\/uploads\/2024\/05\/440479372_982419526983131_4822206213210895344_n.jpg",525,152,false],"1536x1536":["https:\/\/sp1.imielin.pl\/wp-content\/uploads\/2024\/05\/440479372_982419526983131_4822206213210895344_n.jpg",672,194,false],"2048x2048":["https:\/\/sp1.imielin.pl\/wp-content\/uploads\/2024\/05\/440479372_982419526983131_4822206213210895344_n.jpg",672,194,false],"gurukul-education-featured-image":["https:\/\/sp1.imielin.pl\/wp-content\/uploads\/2024\/05\/440479372_982419526983131_4822206213210895344_n.jpg",672,194,false],"gurukul-education-thumbnail-avatar":["https:\/\/sp1.imielin.pl\/wp-content\/uploads\/2024\/05\/440479372_982419526983131_4822206213210895344_n-100x100.jpg",100,100,true]},"uagb_author_info":{"display_name":"Maria Habryka","author_link":"https:\/\/sp1.imielin.pl\/index.php\/author\/maria\/"},"uagb_comment_info":0,"uagb_excerpt":"Dzisiaj do biblioteki przyszli przede wszystkim ci, kt\u00f3rzy chcieli odda\u0107 sw\u00f3j g\u0142os na najfajniejsz\u0105, ostatnio przeczytan\u0105 ksi\u0105\u017ck\u0119 w ramach Og\u00f3lnopolskich Wybor\u00f3w Ksi\u0105\u017cek. G\u0142osowanie by\u0142o anonimowe, a akcja mia\u0142a na celu zbadanie, co rzeczywi\u015bcie czytaj\u0105 dzieci i m\u0142odzie\u017c. Stron\u0119 promocyjn\u0105, organizacyjn\u0105 oraz piecz\u0119 nad prawid\u0142owym przebiegiem g\u0142osowania zapewni\u0142 Samorz\u0105d Uczniowski. Komisja w sk\u0142adzie Ania, Ma\u0142gosia i&hellip;","_links":{"self":[{"href":"https:\/\/sp1.imielin.pl\/index.php\/wp-json\/wp\/v2\/posts\/18744","targetHints":{"allow":["GET"]}}],"collection":[{"href":"https:\/\/sp1.imielin.pl\/index.php\/wp-json\/wp\/v2\/posts"}],"about":[{"href":"https:\/\/sp1.imielin.pl\/index.php\/wp-json\/wp\/v2\/types\/post"}],"author":[{"embeddable":true,"href":"https:\/\/sp1.imielin.pl\/index.php\/wp-json\/wp\/v2\/users\/2"}],"replies":[{"embeddable":true,"href":"https:\/\/sp1.imielin.pl\/index.php\/wp-json\/wp\/v2\/comments?post=18744"}],"version-history":[{"count":0,"href":"https:\/\/sp1.imielin.pl\/index.php\/wp-json\/wp\/v2\/posts\/18744\/revisions"}],"wp:featuredmedia":[{"embeddable":true,"href":"https:\/\/sp1.imielin.pl\/index.php\/wp-json\/wp\/v2\/media\/18745"}],"wp:attachment":[{"href":"https:\/\/sp1.imielin.pl\/index.php\/wp-json\/wp\/v2\/media?parent=18744"}],"wp:term":[{"taxonomy":"category","embeddable":true,"href":"https:\/\/sp1.imielin.pl\/index.php\/wp-json\/wp\/v2\/categories?post=18744"},{"taxonomy":"post_tag","embeddable":true,"href":"https:\/\/sp1.imielin.pl\/index.php\/wp-json\/wp\/v2\/tags?post=18744"}],"curies":[{"name":"wp","href":"https:\/\/api.w.org\/{rel}","templated":true}]}}