{"id":18804,"date":"2024-05-18T11:33:20","date_gmt":"2024-05-18T09:33:20","guid":{"rendered":"http:\/\/www.sp1.imielin.pl\/?p=18804"},"modified":"2024-05-18T11:33:20","modified_gmt":"2024-05-18T09:33:20","slug":"egzamin-na-karte-plywacka-2","status":"publish","type":"post","link":"https:\/\/sp1.imielin.pl\/index.php\/2024\/05\/18\/egzamin-na-karte-plywacka-2\/","title":{"rendered":"Egzamin na kart\u0119 p\u0142ywack\u0105"},"content":{"rendered":"<p style=\"text-align: justify;\">Lekcja 9 z programu &#8222;Umiem p\u0142ywa\u0107 &#8221; i wielki dzie\u0144 dla trzecioklasist\u00f3w: na basenie w Bieruniu, w obecno\u015bci ratownika przyst\u0105pili dzi\u015b do egzaminu na kart\u0119 p\u0142ywack\u0105. Na zbi\u00f3rce by\u0142o wielkie podekscytowanie i troch\u0119 stresu. Wszyscy zdali egzamin. Gratulujemy !  Natomiast klasy drugie doskonali\u0142y swoje umiej\u0119tno\u015bci p\u0142ywackie.<\/p>\n<p style=\"text-align: justify;\"><a href=\"https:\/\/www.facebook.com\/photo\/?fbid=990675922824158&amp;set=pcb.990677392824011\">FOTORELACJA\u00a0<\/a><\/p>\n<div class=\"pld-like-dislike-wrap pld-template-2\">\r\n    <div class=\"pld-like-wrap  pld-common-wrap\">\r\n    <a href=\"javascript:void(0)\" class=\"pld-like-trigger pld-like-dislike-trigger  \" title=\"\" data-post-id=\"18804\" data-trigger-type=\"like\" data-restriction=\"cookie\" data-already-liked=\"0\">\r\n                        <i class=\"fas fa-heart\"><\/i>\r\n                <\/a>\r\n    <span class=\"pld-like-count-wrap pld-count-wrap\">    <\/span>\r\n<\/div><\/div>","protected":false},"excerpt":{"rendered":"<p>Lekcja 9 z programu &#8222;Umiem p\u0142ywa\u0107 &#8221; i wielki dzie\u0144 dla trzecioklasist\u00f3w: na basenie w Bieruniu, w obecno\u015bci ratownika przyst\u0105pili dzi\u015b do egzaminu na kart\u0119 p\u0142ywack\u0105. Na zbi\u00f3rce by\u0142o wielkie podekscytowanie i troch\u0119 stresu. Wszyscy zdali egzamin. Gratulujemy ! Natomiast klasy drugie doskonali\u0142y swoje umiej\u0119tno\u015bci p\u0142ywackie. FOTORELACJA\u00a0<\/p>\n","protected":false},"author":2,"featured_media":18805,"comment_status":"closed","ping_status":"closed","sticky":false,"template":"","format":"standard","meta":{"_uag_custom_page_level_css":"","footnotes":""},"categories":[5],"tags":[],"class_list":["post-18804","post","type-post","status-publish","format-standard","has-post-thumbnail","hentry","category-z-zycia-szkoly"],"uagb_featured_image_src":{"full":["https:\/\/sp1.imielin.pl\/wp-content\/uploads\/2024\/05\/444760134_990680316157052_4204029490395208897_n.jpg",512,288,false],"thumbnail":["https:\/\/sp1.imielin.pl\/wp-content\/uploads\/2024\/05\/444760134_990680316157052_4204029490395208897_n-150x150.jpg",150,150,true],"medium":["https:\/\/sp1.imielin.pl\/wp-content\/uploads\/2024\/05\/444760134_990680316157052_4204029490395208897_n-300x169.jpg",300,169,true],"medium_large":["https:\/\/sp1.imielin.pl\/wp-content\/uploads\/2024\/05\/444760134_990680316157052_4204029490395208897_n.jpg",512,288,false],"large":["https:\/\/sp1.imielin.pl\/wp-content\/uploads\/2024\/05\/444760134_990680316157052_4204029490395208897_n.jpg",512,288,false],"1536x1536":["https:\/\/sp1.imielin.pl\/wp-content\/uploads\/2024\/05\/444760134_990680316157052_4204029490395208897_n.jpg",512,288,false],"2048x2048":["https:\/\/sp1.imielin.pl\/wp-content\/uploads\/2024\/05\/444760134_990680316157052_4204029490395208897_n.jpg",512,288,false],"gurukul-education-featured-image":["https:\/\/sp1.imielin.pl\/wp-content\/uploads\/2024\/05\/444760134_990680316157052_4204029490395208897_n.jpg",512,288,false],"gurukul-education-thumbnail-avatar":["https:\/\/sp1.imielin.pl\/wp-content\/uploads\/2024\/05\/444760134_990680316157052_4204029490395208897_n-100x100.jpg",100,100,true]},"uagb_author_info":{"display_name":"Maria Habryka","author_link":"https:\/\/sp1.imielin.pl\/index.php\/author\/maria\/"},"uagb_comment_info":0,"uagb_excerpt":"Lekcja 9 z programu &#8222;Umiem p\u0142ywa\u0107 &#8221; i wielki dzie\u0144 dla trzecioklasist\u00f3w: na basenie w Bieruniu, w obecno\u015bci ratownika przyst\u0105pili dzi\u015b do egzaminu na kart\u0119 p\u0142ywack\u0105. Na zbi\u00f3rce by\u0142o wielkie podekscytowanie i troch\u0119 stresu. Wszyscy zdali egzamin. Gratulujemy ! Natomiast klasy drugie doskonali\u0142y swoje umiej\u0119tno\u015bci p\u0142ywackie. FOTORELACJA\u00a0","_links":{"self":[{"href":"https:\/\/sp1.imielin.pl\/index.php\/wp-json\/wp\/v2\/posts\/18804","targetHints":{"allow":["GET"]}}],"collection":[{"href":"https:\/\/sp1.imielin.pl\/index.php\/wp-json\/wp\/v2\/posts"}],"about":[{"href":"https:\/\/sp1.imielin.pl\/index.php\/wp-json\/wp\/v2\/types\/post"}],"author":[{"embeddable":true,"href":"https:\/\/sp1.imielin.pl\/index.php\/wp-json\/wp\/v2\/users\/2"}],"replies":[{"embeddable":true,"href":"https:\/\/sp1.imielin.pl\/index.php\/wp-json\/wp\/v2\/comments?post=18804"}],"version-history":[{"count":0,"href":"https:\/\/sp1.imielin.pl\/index.php\/wp-json\/wp\/v2\/posts\/18804\/revisions"}],"wp:featuredmedia":[{"embeddable":true,"href":"https:\/\/sp1.imielin.pl\/index.php\/wp-json\/wp\/v2\/media\/18805"}],"wp:attachment":[{"href":"https:\/\/sp1.imielin.pl\/index.php\/wp-json\/wp\/v2\/media?parent=18804"}],"wp:term":[{"taxonomy":"category","embeddable":true,"href":"https:\/\/sp1.imielin.pl\/index.php\/wp-json\/wp\/v2\/categories?post=18804"},{"taxonomy":"post_tag","embeddable":true,"href":"https:\/\/sp1.imielin.pl\/index.php\/wp-json\/wp\/v2\/tags?post=18804"}],"curies":[{"name":"wp","href":"https:\/\/api.w.org\/{rel}","templated":true}]}}