{"id":18816,"date":"2024-05-20T19:33:00","date_gmt":"2024-05-20T17:33:00","guid":{"rendered":"http:\/\/www.sp1.imielin.pl\/?p=18816"},"modified":"2024-05-20T19:33:00","modified_gmt":"2024-05-20T17:33:00","slug":"wyniki-wielkiej-ligii-czytelnikow","status":"publish","type":"post","link":"https:\/\/sp1.imielin.pl\/index.php\/2024\/05\/20\/wyniki-wielkiej-ligii-czytelnikow\/","title":{"rendered":"Wyniki Wielkiej Ligi Czytelnik\u00f3w"},"content":{"rendered":"<p>To ju\u017c kolejna edycja og\u00f3lnopolskiego konkursu Wielka Liga Czytelnik\u00f3w, w kt\u00f3rej nasi uczniowie bior\u0105 udzia\u0142 i po raz kolejny mo\u017cemy pochwali\u0107 si\u0119 tytu\u0142ami Mistrza i I Wicemistrza!<br \/>\nKonkurs skierowany jest do uczni\u00f3w klas 1-8 szk\u00f3\u0142 podstawowych i ma charakter etapowy.<br \/>\nOto nasi najlepsi z najlepszych:<br \/>\nKlasy 1-3<br \/>\nTytu\u0142 MISTRZA &#8211; Karolina Dubiel, Karolina Krzy\u017cowska i Jakub Pastuszka<br \/>\nKlasy 4-6<br \/>\nTytu\u0142 I WICEMISTRZA &#8211; Malwina Kisiel<br \/>\nKlasy 7-8 Tytu\u0142 MISTRZA &#8211; Michalina Nowak<br \/>\nSerdecznie gratulujemy \u2665\ufe0f<\/p>\n<p><a href=\"https:\/\/www.facebook.com\/photo\/?fbid=992254319332985&amp;set=pcb.992254582666292\">GALERIA\u00a0<\/a><\/p>\n<div class=\"pld-like-dislike-wrap pld-template-2\">\r\n    <div class=\"pld-like-wrap  pld-common-wrap\">\r\n    <a href=\"javascript:void(0)\" class=\"pld-like-trigger pld-like-dislike-trigger  \" title=\"\" data-post-id=\"18816\" data-trigger-type=\"like\" data-restriction=\"cookie\" data-already-liked=\"0\">\r\n                        <i class=\"fas fa-heart\"><\/i>\r\n                <\/a>\r\n    <span class=\"pld-like-count-wrap pld-count-wrap\">    <\/span>\r\n<\/div><\/div>","protected":false},"excerpt":{"rendered":"<p>To ju\u017c kolejna edycja og\u00f3lnopolskiego konkursu Wielka Liga Czytelnik\u00f3w, w kt\u00f3rej nasi uczniowie bior\u0105 udzia\u0142 i po raz kolejny mo\u017cemy pochwali\u0107 si\u0119 tytu\u0142ami Mistrza i I Wicemistrza! Konkurs skierowany jest do uczni\u00f3w klas 1-8 szk\u00f3\u0142 podstawowych i ma charakter etapowy. Oto nasi najlepsi z najlepszych: Klasy 1-3 Tytu\u0142 MISTRZA &#8211; Karolina Dubiel, Karolina Krzy\u017cowska i [&hellip;]<\/p>\n","protected":false},"author":2,"featured_media":16041,"comment_status":"closed","ping_status":"closed","sticky":false,"template":"","format":"standard","meta":{"_uag_custom_page_level_css":"","footnotes":""},"categories":[5],"tags":[],"class_list":["post-18816","post","type-post","status-publish","format-standard","has-post-thumbnail","hentry","category-z-zycia-szkoly"],"uagb_featured_image_src":{"full":["https:\/\/sp1.imielin.pl\/wp-content\/uploads\/2014\/07\/logo-WL_czytelnikofffw.png",500,366,false],"thumbnail":["https:\/\/sp1.imielin.pl\/wp-content\/uploads\/2014\/07\/logo-WL_czytelnikofffw-150x150.png",150,150,true],"medium":["https:\/\/sp1.imielin.pl\/wp-content\/uploads\/2014\/07\/logo-WL_czytelnikofffw-300x220.png",300,220,true],"medium_large":["https:\/\/sp1.imielin.pl\/wp-content\/uploads\/2014\/07\/logo-WL_czytelnikofffw.png",500,366,false],"large":["https:\/\/sp1.imielin.pl\/wp-content\/uploads\/2014\/07\/logo-WL_czytelnikofffw.png",500,366,false],"1536x1536":["https:\/\/sp1.imielin.pl\/wp-content\/uploads\/2014\/07\/logo-WL_czytelnikofffw.png",500,366,false],"2048x2048":["https:\/\/sp1.imielin.pl\/wp-content\/uploads\/2014\/07\/logo-WL_czytelnikofffw.png",500,366,false],"gurukul-education-featured-image":["https:\/\/sp1.imielin.pl\/wp-content\/uploads\/2014\/07\/logo-WL_czytelnikofffw.png",500,366,false],"gurukul-education-thumbnail-avatar":["https:\/\/sp1.imielin.pl\/wp-content\/uploads\/2014\/07\/logo-WL_czytelnikofffw-100x100.png",100,100,true]},"uagb_author_info":{"display_name":"Maria Habryka","author_link":"https:\/\/sp1.imielin.pl\/index.php\/author\/maria\/"},"uagb_comment_info":0,"uagb_excerpt":"To ju\u017c kolejna edycja og\u00f3lnopolskiego konkursu Wielka Liga Czytelnik\u00f3w, w kt\u00f3rej nasi uczniowie bior\u0105 udzia\u0142 i po raz kolejny mo\u017cemy pochwali\u0107 si\u0119 tytu\u0142ami Mistrza i I Wicemistrza! Konkurs skierowany jest do uczni\u00f3w klas 1-8 szk\u00f3\u0142 podstawowych i ma charakter etapowy. Oto nasi najlepsi z najlepszych: Klasy 1-3 Tytu\u0142 MISTRZA &#8211; Karolina Dubiel, Karolina Krzy\u017cowska i&hellip;","_links":{"self":[{"href":"https:\/\/sp1.imielin.pl\/index.php\/wp-json\/wp\/v2\/posts\/18816","targetHints":{"allow":["GET"]}}],"collection":[{"href":"https:\/\/sp1.imielin.pl\/index.php\/wp-json\/wp\/v2\/posts"}],"about":[{"href":"https:\/\/sp1.imielin.pl\/index.php\/wp-json\/wp\/v2\/types\/post"}],"author":[{"embeddable":true,"href":"https:\/\/sp1.imielin.pl\/index.php\/wp-json\/wp\/v2\/users\/2"}],"replies":[{"embeddable":true,"href":"https:\/\/sp1.imielin.pl\/index.php\/wp-json\/wp\/v2\/comments?post=18816"}],"version-history":[{"count":0,"href":"https:\/\/sp1.imielin.pl\/index.php\/wp-json\/wp\/v2\/posts\/18816\/revisions"}],"wp:featuredmedia":[{"embeddable":true,"href":"https:\/\/sp1.imielin.pl\/index.php\/wp-json\/wp\/v2\/media\/16041"}],"wp:attachment":[{"href":"https:\/\/sp1.imielin.pl\/index.php\/wp-json\/wp\/v2\/media?parent=18816"}],"wp:term":[{"taxonomy":"category","embeddable":true,"href":"https:\/\/sp1.imielin.pl\/index.php\/wp-json\/wp\/v2\/categories?post=18816"},{"taxonomy":"post_tag","embeddable":true,"href":"https:\/\/sp1.imielin.pl\/index.php\/wp-json\/wp\/v2\/tags?post=18816"}],"curies":[{"name":"wp","href":"https:\/\/api.w.org\/{rel}","templated":true}]}}