{"id":18819,"date":"2024-05-20T19:38:44","date_gmt":"2024-05-20T17:38:44","guid":{"rendered":"http:\/\/www.sp1.imielin.pl\/?p=18819"},"modified":"2024-05-20T19:38:44","modified_gmt":"2024-05-20T17:38:44","slug":"spacer-dzwiekowy-w-nospr","status":"publish","type":"post","link":"https:\/\/sp1.imielin.pl\/index.php\/2024\/05\/20\/spacer-dzwiekowy-w-nospr\/","title":{"rendered":"Spacer d\u017awi\u0119kowy w NOSPR"},"content":{"rendered":"<p style=\"text-align: justify;\">W minionym tygodniu uczniowie klasy 5a uczestniczyli w warsztatach d\u017awi\u0119kowych organizowanych w NOSPR w Katowicach. Podczas zaj\u0119\u0107 mogli pozna\u0107 to niezwyk\u0142e miejsce &#8222;od kuchni&#8221; &#8211; wej\u015b\u0107 tam, gdzie zwykle widzowie nie zagl\u0105daj\u0105, zapozna\u0107 si\u0119 z walorami akustycznymi budynku i na koniec przyjrze\u0107 si\u0119 pracy muzyk\u00f3w podczas pr\u00f3by. Drugim punktem programu by\u0142o zapoznanie z Katowickim Szlakiem Bebok\u00f3w. Beboki to stwory zwi\u0105zane z ludow\u0105 \u015bl\u0105sk\u0105 tradycj\u0105, kt\u00f3rych figurki mo\u017cna znale\u017a\u0107 w wielu miejscach Katowic. Najbardziej wytrwali poszukiwacze mog\u0105 zdoby\u0107 odznak\u0119 \u0142owcy bebok\u00f3w. W czasie naszej klasowej wyprawy uda\u0142o si\u0119 kilka figurek odnale\u017a\u0107. Odnalezienie kolejnych jeszcze przed nami&#8230;<\/p>\n<p style=\"text-align: justify;\"><a href=\"https:\/\/www.facebook.com\/photo\/?fbid=992288912662859&amp;set=pcb.992290005996083\">FOTORELACJA\u00a0<\/a><\/p>\n<div class=\"pld-like-dislike-wrap pld-template-2\">\r\n    <div class=\"pld-like-wrap  pld-common-wrap\">\r\n    <a href=\"javascript:void(0)\" class=\"pld-like-trigger pld-like-dislike-trigger  \" title=\"\" data-post-id=\"18819\" data-trigger-type=\"like\" data-restriction=\"cookie\" data-already-liked=\"0\">\r\n                        <i class=\"fas fa-heart\"><\/i>\r\n                <\/a>\r\n    <span class=\"pld-like-count-wrap pld-count-wrap\">    <\/span>\r\n<\/div><\/div>","protected":false},"excerpt":{"rendered":"<p>W minionym tygodniu uczniowie klasy 5a uczestniczyli w warsztatach d\u017awi\u0119kowych organizowanych w NOSPR w Katowicach. Podczas zaj\u0119\u0107 mogli pozna\u0107 to niezwyk\u0142e miejsce &#8222;od kuchni&#8221; &#8211; wej\u015b\u0107 tam, gdzie zwykle widzowie nie zagl\u0105daj\u0105, zapozna\u0107 si\u0119 z walorami akustycznymi budynku i na koniec przyjrze\u0107 si\u0119 pracy muzyk\u00f3w podczas pr\u00f3by. Drugim punktem programu by\u0142o zapoznanie z Katowickim Szlakiem [&hellip;]<\/p>\n","protected":false},"author":2,"featured_media":18820,"comment_status":"closed","ping_status":"closed","sticky":false,"template":"","format":"standard","meta":{"_uag_custom_page_level_css":"","footnotes":""},"categories":[5],"tags":[],"class_list":["post-18819","post","type-post","status-publish","format-standard","has-post-thumbnail","hentry","category-z-zycia-szkoly"],"uagb_featured_image_src":{"full":["https:\/\/sp1.imielin.pl\/wp-content\/uploads\/2024\/05\/441951955_992290252662725_3264260223562987753_n.jpg",504,378,false],"thumbnail":["https:\/\/sp1.imielin.pl\/wp-content\/uploads\/2024\/05\/441951955_992290252662725_3264260223562987753_n-150x150.jpg",150,150,true],"medium":["https:\/\/sp1.imielin.pl\/wp-content\/uploads\/2024\/05\/441951955_992290252662725_3264260223562987753_n-300x225.jpg",300,225,true],"medium_large":["https:\/\/sp1.imielin.pl\/wp-content\/uploads\/2024\/05\/441951955_992290252662725_3264260223562987753_n.jpg",504,378,false],"large":["https:\/\/sp1.imielin.pl\/wp-content\/uploads\/2024\/05\/441951955_992290252662725_3264260223562987753_n.jpg",504,378,false],"1536x1536":["https:\/\/sp1.imielin.pl\/wp-content\/uploads\/2024\/05\/441951955_992290252662725_3264260223562987753_n.jpg",504,378,false],"2048x2048":["https:\/\/sp1.imielin.pl\/wp-content\/uploads\/2024\/05\/441951955_992290252662725_3264260223562987753_n.jpg",504,378,false],"gurukul-education-featured-image":["https:\/\/sp1.imielin.pl\/wp-content\/uploads\/2024\/05\/441951955_992290252662725_3264260223562987753_n.jpg",504,378,false],"gurukul-education-thumbnail-avatar":["https:\/\/sp1.imielin.pl\/wp-content\/uploads\/2024\/05\/441951955_992290252662725_3264260223562987753_n-100x100.jpg",100,100,true]},"uagb_author_info":{"display_name":"Maria Habryka","author_link":"https:\/\/sp1.imielin.pl\/index.php\/author\/maria\/"},"uagb_comment_info":0,"uagb_excerpt":"W minionym tygodniu uczniowie klasy 5a uczestniczyli w warsztatach d\u017awi\u0119kowych organizowanych w NOSPR w Katowicach. Podczas zaj\u0119\u0107 mogli pozna\u0107 to niezwyk\u0142e miejsce &#8222;od kuchni&#8221; &#8211; wej\u015b\u0107 tam, gdzie zwykle widzowie nie zagl\u0105daj\u0105, zapozna\u0107 si\u0119 z walorami akustycznymi budynku i na koniec przyjrze\u0107 si\u0119 pracy muzyk\u00f3w podczas pr\u00f3by. Drugim punktem programu by\u0142o zapoznanie z Katowickim Szlakiem&hellip;","_links":{"self":[{"href":"https:\/\/sp1.imielin.pl\/index.php\/wp-json\/wp\/v2\/posts\/18819","targetHints":{"allow":["GET"]}}],"collection":[{"href":"https:\/\/sp1.imielin.pl\/index.php\/wp-json\/wp\/v2\/posts"}],"about":[{"href":"https:\/\/sp1.imielin.pl\/index.php\/wp-json\/wp\/v2\/types\/post"}],"author":[{"embeddable":true,"href":"https:\/\/sp1.imielin.pl\/index.php\/wp-json\/wp\/v2\/users\/2"}],"replies":[{"embeddable":true,"href":"https:\/\/sp1.imielin.pl\/index.php\/wp-json\/wp\/v2\/comments?post=18819"}],"version-history":[{"count":0,"href":"https:\/\/sp1.imielin.pl\/index.php\/wp-json\/wp\/v2\/posts\/18819\/revisions"}],"wp:featuredmedia":[{"embeddable":true,"href":"https:\/\/sp1.imielin.pl\/index.php\/wp-json\/wp\/v2\/media\/18820"}],"wp:attachment":[{"href":"https:\/\/sp1.imielin.pl\/index.php\/wp-json\/wp\/v2\/media?parent=18819"}],"wp:term":[{"taxonomy":"category","embeddable":true,"href":"https:\/\/sp1.imielin.pl\/index.php\/wp-json\/wp\/v2\/categories?post=18819"},{"taxonomy":"post_tag","embeddable":true,"href":"https:\/\/sp1.imielin.pl\/index.php\/wp-json\/wp\/v2\/tags?post=18819"}],"curies":[{"name":"wp","href":"https:\/\/api.w.org\/{rel}","templated":true}]}}