{"id":18822,"date":"2024-05-20T22:48:31","date_gmt":"2024-05-20T20:48:31","guid":{"rendered":"http:\/\/www.sp1.imielin.pl\/?p=18822"},"modified":"2024-05-20T22:48:31","modified_gmt":"2024-05-20T20:48:31","slug":"sobotka-na-kopcu-2","status":"publish","type":"post","link":"https:\/\/sp1.imielin.pl\/index.php\/2024\/05\/20\/sobotka-na-kopcu-2\/","title":{"rendered":"&#8222;Sob\u00f3tka na Kopcu&#8221;"},"content":{"rendered":"<p style=\"text-align: justify;\">&#8222;Sob\u00f3tka na Kopcu&#8221; z udzia\u0142em naszych roz\u015bpiewanych uczni\u00f3w Spora cz\u0119\u015b\u0107 spo\u0142eczno\u015bci Szko\u0142y na G\u00f3rce bawi\u0142a si\u0119 dzisiaj wraz ze swoimi rodzinami na Kopcu. Aleksandra Siemi\u0144ska, \u0141ucja Mieszczanin, Antonina \u0141ytko i Adam Pude\u0142ko &#8211; to oni godnie reprezentowali nasz\u0105 szko\u0142\u0119 podczas dzisiejszej Sob\u00f3tki. Ich pi\u0119kne wykonanie utwor\u00f3w filmowych spotka\u0142o si\u0119 z mi\u0142ym przyj\u0119ciem ze strony widowni. Ale co si\u0119 dziwi\u0107&#8230; s\u0105 m\u0142odzi, utalentowani i pracowici. Zobaczcie sami<\/p>\n<p style=\"text-align: justify;\"><a href=\"https:\/\/www.facebook.com\/sp1.imielin\/videos\/978753783778729\">FILM\u00a0<\/a><\/p>\n<div class=\"pld-like-dislike-wrap pld-template-2\">\r\n    <div class=\"pld-like-wrap  pld-common-wrap\">\r\n    <a href=\"javascript:void(0)\" class=\"pld-like-trigger pld-like-dislike-trigger  \" title=\"\" data-post-id=\"18822\" data-trigger-type=\"like\" data-restriction=\"cookie\" data-already-liked=\"0\">\r\n                        <i class=\"fas fa-heart\"><\/i>\r\n                <\/a>\r\n    <span class=\"pld-like-count-wrap pld-count-wrap\">    <\/span>\r\n<\/div><\/div>","protected":false},"excerpt":{"rendered":"<p>&#8222;Sob\u00f3tka na Kopcu&#8221; z udzia\u0142em naszych roz\u015bpiewanych uczni\u00f3w Spora cz\u0119\u015b\u0107 spo\u0142eczno\u015bci Szko\u0142y na G\u00f3rce bawi\u0142a si\u0119 dzisiaj wraz ze swoimi rodzinami na Kopcu. Aleksandra Siemi\u0144ska, \u0141ucja Mieszczanin, Antonina \u0141ytko i Adam Pude\u0142ko &#8211; to oni godnie reprezentowali nasz\u0105 szko\u0142\u0119 podczas dzisiejszej Sob\u00f3tki. Ich pi\u0119kne wykonanie utwor\u00f3w filmowych spotka\u0142o si\u0119 z mi\u0142ym przyj\u0119ciem ze strony widowni. [&hellip;]<\/p>\n","protected":false},"author":2,"featured_media":18824,"comment_status":"closed","ping_status":"closed","sticky":false,"template":"","format":"standard","meta":{"_uag_custom_page_level_css":"","footnotes":""},"categories":[5],"tags":[],"class_list":["post-18822","post","type-post","status-publish","format-standard","has-post-thumbnail","hentry","category-z-zycia-szkoly"],"uagb_featured_image_src":{"full":["https:\/\/sp1.imielin.pl\/wp-content\/uploads\/2024\/05\/frree.png",722,371,false],"thumbnail":["https:\/\/sp1.imielin.pl\/wp-content\/uploads\/2024\/05\/frree-150x150.png",150,150,true],"medium":["https:\/\/sp1.imielin.pl\/wp-content\/uploads\/2024\/05\/frree-300x154.png",300,154,true],"medium_large":["https:\/\/sp1.imielin.pl\/wp-content\/uploads\/2024\/05\/frree.png",525,270,false],"large":["https:\/\/sp1.imielin.pl\/wp-content\/uploads\/2024\/05\/frree.png",525,270,false],"1536x1536":["https:\/\/sp1.imielin.pl\/wp-content\/uploads\/2024\/05\/frree.png",722,371,false],"2048x2048":["https:\/\/sp1.imielin.pl\/wp-content\/uploads\/2024\/05\/frree.png",722,371,false],"gurukul-education-featured-image":["https:\/\/sp1.imielin.pl\/wp-content\/uploads\/2024\/05\/frree.png",722,371,false],"gurukul-education-thumbnail-avatar":["https:\/\/sp1.imielin.pl\/wp-content\/uploads\/2024\/05\/frree-100x100.png",100,100,true]},"uagb_author_info":{"display_name":"Maria Habryka","author_link":"https:\/\/sp1.imielin.pl\/index.php\/author\/maria\/"},"uagb_comment_info":0,"uagb_excerpt":"&#8222;Sob\u00f3tka na Kopcu&#8221; z udzia\u0142em naszych roz\u015bpiewanych uczni\u00f3w Spora cz\u0119\u015b\u0107 spo\u0142eczno\u015bci Szko\u0142y na G\u00f3rce bawi\u0142a si\u0119 dzisiaj wraz ze swoimi rodzinami na Kopcu. Aleksandra Siemi\u0144ska, \u0141ucja Mieszczanin, Antonina \u0141ytko i Adam Pude\u0142ko &#8211; to oni godnie reprezentowali nasz\u0105 szko\u0142\u0119 podczas dzisiejszej Sob\u00f3tki. Ich pi\u0119kne wykonanie utwor\u00f3w filmowych spotka\u0142o si\u0119 z mi\u0142ym przyj\u0119ciem ze strony widowni.&hellip;","_links":{"self":[{"href":"https:\/\/sp1.imielin.pl\/index.php\/wp-json\/wp\/v2\/posts\/18822","targetHints":{"allow":["GET"]}}],"collection":[{"href":"https:\/\/sp1.imielin.pl\/index.php\/wp-json\/wp\/v2\/posts"}],"about":[{"href":"https:\/\/sp1.imielin.pl\/index.php\/wp-json\/wp\/v2\/types\/post"}],"author":[{"embeddable":true,"href":"https:\/\/sp1.imielin.pl\/index.php\/wp-json\/wp\/v2\/users\/2"}],"replies":[{"embeddable":true,"href":"https:\/\/sp1.imielin.pl\/index.php\/wp-json\/wp\/v2\/comments?post=18822"}],"version-history":[{"count":0,"href":"https:\/\/sp1.imielin.pl\/index.php\/wp-json\/wp\/v2\/posts\/18822\/revisions"}],"wp:featuredmedia":[{"embeddable":true,"href":"https:\/\/sp1.imielin.pl\/index.php\/wp-json\/wp\/v2\/media\/18824"}],"wp:attachment":[{"href":"https:\/\/sp1.imielin.pl\/index.php\/wp-json\/wp\/v2\/media?parent=18822"}],"wp:term":[{"taxonomy":"category","embeddable":true,"href":"https:\/\/sp1.imielin.pl\/index.php\/wp-json\/wp\/v2\/categories?post=18822"},{"taxonomy":"post_tag","embeddable":true,"href":"https:\/\/sp1.imielin.pl\/index.php\/wp-json\/wp\/v2\/tags?post=18822"}],"curies":[{"name":"wp","href":"https:\/\/api.w.org\/{rel}","templated":true}]}}