{"id":18855,"date":"2024-05-25T13:33:20","date_gmt":"2024-05-25T11:33:20","guid":{"rendered":"http:\/\/www.sp1.imielin.pl\/?p=18855"},"modified":"2024-05-25T13:33:20","modified_gmt":"2024-05-25T11:33:20","slug":"wyrazy-wdziecznosci-i-podziekowania","status":"publish","type":"post","link":"https:\/\/sp1.imielin.pl\/index.php\/2024\/05\/25\/wyrazy-wdziecznosci-i-podziekowania\/","title":{"rendered":"Wyrazy wdzi\u0119czno\u015bci i podzi\u0119kowania"},"content":{"rendered":"<p style=\"text-align: justify;\">Dzie\u0144 Rodziny pe\u0142en by\u0142 pyszno\u015bci. Ciasteczka, babeczki, owoce wszelakie , lemoniada i wiele wi\u0119cej. Serdecznie dzi\u0119kujemy za przygotowanie apetycznych stanowisk rodzicom poszczeg\u00f3lnych klas.<br \/>\nGor\u0105ce podzi\u0119kowania kierujemy te\u017c do wszystkich rodzic\u00f3w, kt\u00f3rzy upiekli pyszne ciasta  na akcje charytatywn\u0105. Pieni\u0105dze  ze sprzeda\u017cy s\u0142odko\u015bci przekazane zostan\u0105 na zbi\u00f3rk\u0119 dla ma\u0142ego Florka.<br \/>\nJe\u015bli kto\u015b z Pa\u0144stwa chcia\u0142by dodatkowo wesprze\u0107 akcj\u0119 zapraszamy na stron\u0119: <a href=\"https:\/\/www.siepomaga.pl\/florian-dominiak\">https:\/\/www.siepomaga.pl\/florian-dominiak<\/a><br \/>\nChcemy tak\u017ce wyrazi\u0107 nasz\u0105 wdzi\u0119czno\u015b\u0107 za ca\u0142e mn\u00f3stwo napoj\u00f3w, kt\u00f3re otrzymali uczestnicy Dnia Rodziny dzi\u0119ki \u017cyczliwo\u015bci pana Przemys\u0142awa Piotrowskiego. Dzi\u0119kujemy za pi\u0119kny gest!<\/p>\n<p style=\"text-align: justify;\"><a href=\"https:\/\/www.facebook.com\/photo\/?fbid=995372065687877&amp;set=pcb.995372242354526\">FOTORELACJA\u00a0<\/a><\/p>\n<div class=\"pld-like-dislike-wrap pld-template-2\">\r\n    <div class=\"pld-like-wrap  pld-common-wrap\">\r\n    <a href=\"javascript:void(0)\" class=\"pld-like-trigger pld-like-dislike-trigger  \" title=\"\" data-post-id=\"18855\" data-trigger-type=\"like\" data-restriction=\"cookie\" data-already-liked=\"0\">\r\n                        <i class=\"fas fa-heart\"><\/i>\r\n                <\/a>\r\n    <span class=\"pld-like-count-wrap pld-count-wrap\">    <\/span>\r\n<\/div><\/div>","protected":false},"excerpt":{"rendered":"<p>Dzie\u0144 Rodziny pe\u0142en by\u0142 pyszno\u015bci. Ciasteczka, babeczki, owoce wszelakie , lemoniada i wiele wi\u0119cej. Serdecznie dzi\u0119kujemy za przygotowanie apetycznych stanowisk rodzicom poszczeg\u00f3lnych klas. Gor\u0105ce podzi\u0119kowania kierujemy te\u017c do wszystkich rodzic\u00f3w, kt\u00f3rzy upiekli pyszne ciasta na akcje charytatywn\u0105. Pieni\u0105dze ze sprzeda\u017cy s\u0142odko\u015bci przekazane zostan\u0105 na zbi\u00f3rk\u0119 dla ma\u0142ego Florka. Je\u015bli kto\u015b z Pa\u0144stwa chcia\u0142by dodatkowo wesprze\u0107 [&hellip;]<\/p>\n","protected":false},"author":2,"featured_media":18856,"comment_status":"closed","ping_status":"closed","sticky":false,"template":"","format":"standard","meta":{"_uag_custom_page_level_css":"","footnotes":""},"categories":[3,5],"tags":[],"class_list":["post-18855","post","type-post","status-publish","format-standard","has-post-thumbnail","hentry","category-dla-rodzicow","category-z-zycia-szkoly"],"uagb_featured_image_src":{"full":["https:\/\/sp1.imielin.pl\/wp-content\/uploads\/2024\/05\/441418902_995372309021186_2774786191378446675_n.jpg",512,342,false],"thumbnail":["https:\/\/sp1.imielin.pl\/wp-content\/uploads\/2024\/05\/441418902_995372309021186_2774786191378446675_n-150x150.jpg",150,150,true],"medium":["https:\/\/sp1.imielin.pl\/wp-content\/uploads\/2024\/05\/441418902_995372309021186_2774786191378446675_n-300x200.jpg",300,200,true],"medium_large":["https:\/\/sp1.imielin.pl\/wp-content\/uploads\/2024\/05\/441418902_995372309021186_2774786191378446675_n.jpg",512,342,false],"large":["https:\/\/sp1.imielin.pl\/wp-content\/uploads\/2024\/05\/441418902_995372309021186_2774786191378446675_n.jpg",512,342,false],"1536x1536":["https:\/\/sp1.imielin.pl\/wp-content\/uploads\/2024\/05\/441418902_995372309021186_2774786191378446675_n.jpg",512,342,false],"2048x2048":["https:\/\/sp1.imielin.pl\/wp-content\/uploads\/2024\/05\/441418902_995372309021186_2774786191378446675_n.jpg",512,342,false],"gurukul-education-featured-image":["https:\/\/sp1.imielin.pl\/wp-content\/uploads\/2024\/05\/441418902_995372309021186_2774786191378446675_n.jpg",512,342,false],"gurukul-education-thumbnail-avatar":["https:\/\/sp1.imielin.pl\/wp-content\/uploads\/2024\/05\/441418902_995372309021186_2774786191378446675_n-100x100.jpg",100,100,true]},"uagb_author_info":{"display_name":"Maria Habryka","author_link":"https:\/\/sp1.imielin.pl\/index.php\/author\/maria\/"},"uagb_comment_info":0,"uagb_excerpt":"Dzie\u0144 Rodziny pe\u0142en by\u0142 pyszno\u015bci. Ciasteczka, babeczki, owoce wszelakie , lemoniada i wiele wi\u0119cej. Serdecznie dzi\u0119kujemy za przygotowanie apetycznych stanowisk rodzicom poszczeg\u00f3lnych klas. Gor\u0105ce podzi\u0119kowania kierujemy te\u017c do wszystkich rodzic\u00f3w, kt\u00f3rzy upiekli pyszne ciasta na akcje charytatywn\u0105. Pieni\u0105dze ze sprzeda\u017cy s\u0142odko\u015bci przekazane zostan\u0105 na zbi\u00f3rk\u0119 dla ma\u0142ego Florka. Je\u015bli kto\u015b z Pa\u0144stwa chcia\u0142by dodatkowo wesprze\u0107&hellip;","_links":{"self":[{"href":"https:\/\/sp1.imielin.pl\/index.php\/wp-json\/wp\/v2\/posts\/18855","targetHints":{"allow":["GET"]}}],"collection":[{"href":"https:\/\/sp1.imielin.pl\/index.php\/wp-json\/wp\/v2\/posts"}],"about":[{"href":"https:\/\/sp1.imielin.pl\/index.php\/wp-json\/wp\/v2\/types\/post"}],"author":[{"embeddable":true,"href":"https:\/\/sp1.imielin.pl\/index.php\/wp-json\/wp\/v2\/users\/2"}],"replies":[{"embeddable":true,"href":"https:\/\/sp1.imielin.pl\/index.php\/wp-json\/wp\/v2\/comments?post=18855"}],"version-history":[{"count":0,"href":"https:\/\/sp1.imielin.pl\/index.php\/wp-json\/wp\/v2\/posts\/18855\/revisions"}],"wp:featuredmedia":[{"embeddable":true,"href":"https:\/\/sp1.imielin.pl\/index.php\/wp-json\/wp\/v2\/media\/18856"}],"wp:attachment":[{"href":"https:\/\/sp1.imielin.pl\/index.php\/wp-json\/wp\/v2\/media?parent=18855"}],"wp:term":[{"taxonomy":"category","embeddable":true,"href":"https:\/\/sp1.imielin.pl\/index.php\/wp-json\/wp\/v2\/categories?post=18855"},{"taxonomy":"post_tag","embeddable":true,"href":"https:\/\/sp1.imielin.pl\/index.php\/wp-json\/wp\/v2\/tags?post=18855"}],"curies":[{"name":"wp","href":"https:\/\/api.w.org\/{rel}","templated":true}]}}