{"id":18892,"date":"2024-05-29T23:18:55","date_gmt":"2024-05-29T21:18:55","guid":{"rendered":"http:\/\/www.sp1.imielin.pl\/?p=18892"},"modified":"2024-05-29T23:18:55","modified_gmt":"2024-05-29T21:18:55","slug":"kampania-nie-badz-atrakcyjny-dla-kleszczy","status":"publish","type":"post","link":"https:\/\/sp1.imielin.pl\/index.php\/2024\/05\/29\/kampania-nie-badz-atrakcyjny-dla-kleszczy\/","title":{"rendered":"Kampania \u201eNie b\u0105d\u017a atrakcyjny dla kleszczy\u201d"},"content":{"rendered":"<p style=\"text-align: justify;\">W naszej szkole ruszy\u0142a kampania edukacyjna dot. profilaktyki chor\u00f3b odkleszczowych pod has\u0142em \u201eNie b\u0105d\u017a atrakcyjny dla kleszczy\u201d wspierana przez Wojew\u00f3dzk\u0105 Stacj\u0119 Sanitarno-Epidemiologiczn\u0105.<br \/>\nCelem kampanii jest propagowanie podstawowych zasad ochrony przed kleszczami, edukacja w zakresie prawid\u0142owego usuwania kleszcza, zwi\u0119kszenie spo\u0142ecznej \u015bwiadomo\u015bci w zakresie profilaktyki chor\u00f3b przenoszonych przez kleszcze oraz zwi\u0119kszenie wiedzy na temat szczepie\u0144 ochronnych jako skutecznej metody profilaktyki kleszczowego zapalenia m\u00f3zgu.<br \/>\n\u201eKleszczowanka\u201d trafi\u0142a w kreatywne r\u0119ce naszych uczni\u00f3w. To najnowsza ksi\u0105\u017ceczka z ciekawostkami i \u0142amig\u0142\u00f3wkami o kleszczach przygotowana przez Wojew\u00f3dzki Inspektorat Sanitarno-Epidemiologiczny. Przez zabaw\u0119 uczy jak chroni\u0107 si\u0119 przed wk\u0142uciem kleszcza w cia\u0142o oraz informuje o chorobach, kt\u00f3re kleszcze przenosz\u0105. Otwieraj\u0105c \u201eKleszczowank\u0119\u201d mo\u017cna wykaza\u0107 si\u0119 kreatywno\u015bci\u0105 &#8211; rysowa\u0107, kolorowa\u0107, pisa\u0107, wykre\u015bla\u0107, dodawa\u0107 swoje obrazki. I tak w\u0142a\u015bnie by\u0142o w tym tygodniu na zaj\u0119ciach!<\/p>\n<p style=\"text-align: justify;\"><a href=\"https:\/\/www.facebook.com\/photo\/?fbid=998158628742554&amp;set=pcb.998160388742378\">FOTORELACJA\u00a0<\/a><\/p>\n<div class=\"pld-like-dislike-wrap pld-template-2\">\r\n    <div class=\"pld-like-wrap  pld-common-wrap\">\r\n    <a href=\"javascript:void(0)\" class=\"pld-like-trigger pld-like-dislike-trigger  \" title=\"\" data-post-id=\"18892\" data-trigger-type=\"like\" data-restriction=\"cookie\" data-already-liked=\"0\">\r\n                        <i class=\"fas fa-heart\"><\/i>\r\n                <\/a>\r\n    <span class=\"pld-like-count-wrap pld-count-wrap\">    <\/span>\r\n<\/div><\/div>","protected":false},"excerpt":{"rendered":"<p>W naszej szkole ruszy\u0142a kampania edukacyjna dot. profilaktyki chor\u00f3b odkleszczowych pod has\u0142em \u201eNie b\u0105d\u017a atrakcyjny dla kleszczy\u201d wspierana przez Wojew\u00f3dzk\u0105 Stacj\u0119 Sanitarno-Epidemiologiczn\u0105. Celem kampanii jest propagowanie podstawowych zasad ochrony przed kleszczami, edukacja w zakresie prawid\u0142owego usuwania kleszcza, zwi\u0119kszenie spo\u0142ecznej \u015bwiadomo\u015bci w zakresie profilaktyki chor\u00f3b przenoszonych przez kleszcze oraz zwi\u0119kszenie wiedzy na temat szczepie\u0144 ochronnych jako [&hellip;]<\/p>\n","protected":false},"author":2,"featured_media":18893,"comment_status":"closed","ping_status":"closed","sticky":false,"template":"","format":"standard","meta":{"_uag_custom_page_level_css":"","footnotes":""},"categories":[5],"tags":[],"class_list":["post-18892","post","type-post","status-publish","format-standard","has-post-thumbnail","hentry","category-z-zycia-szkoly"],"uagb_featured_image_src":{"full":["https:\/\/sp1.imielin.pl\/wp-content\/uploads\/2024\/05\/445502792_998160452075705_1607045172484979835_n.jpg",400,300,false],"thumbnail":["https:\/\/sp1.imielin.pl\/wp-content\/uploads\/2024\/05\/445502792_998160452075705_1607045172484979835_n-150x150.jpg",150,150,true],"medium":["https:\/\/sp1.imielin.pl\/wp-content\/uploads\/2024\/05\/445502792_998160452075705_1607045172484979835_n-300x225.jpg",300,225,true],"medium_large":["https:\/\/sp1.imielin.pl\/wp-content\/uploads\/2024\/05\/445502792_998160452075705_1607045172484979835_n.jpg",400,300,false],"large":["https:\/\/sp1.imielin.pl\/wp-content\/uploads\/2024\/05\/445502792_998160452075705_1607045172484979835_n.jpg",400,300,false],"1536x1536":["https:\/\/sp1.imielin.pl\/wp-content\/uploads\/2024\/05\/445502792_998160452075705_1607045172484979835_n.jpg",400,300,false],"2048x2048":["https:\/\/sp1.imielin.pl\/wp-content\/uploads\/2024\/05\/445502792_998160452075705_1607045172484979835_n.jpg",400,300,false],"gurukul-education-featured-image":["https:\/\/sp1.imielin.pl\/wp-content\/uploads\/2024\/05\/445502792_998160452075705_1607045172484979835_n.jpg",400,300,false],"gurukul-education-thumbnail-avatar":["https:\/\/sp1.imielin.pl\/wp-content\/uploads\/2024\/05\/445502792_998160452075705_1607045172484979835_n-100x100.jpg",100,100,true]},"uagb_author_info":{"display_name":"Maria Habryka","author_link":"https:\/\/sp1.imielin.pl\/index.php\/author\/maria\/"},"uagb_comment_info":0,"uagb_excerpt":"W naszej szkole ruszy\u0142a kampania edukacyjna dot. profilaktyki chor\u00f3b odkleszczowych pod has\u0142em \u201eNie b\u0105d\u017a atrakcyjny dla kleszczy\u201d wspierana przez Wojew\u00f3dzk\u0105 Stacj\u0119 Sanitarno-Epidemiologiczn\u0105. Celem kampanii jest propagowanie podstawowych zasad ochrony przed kleszczami, edukacja w zakresie prawid\u0142owego usuwania kleszcza, zwi\u0119kszenie spo\u0142ecznej \u015bwiadomo\u015bci w zakresie profilaktyki chor\u00f3b przenoszonych przez kleszcze oraz zwi\u0119kszenie wiedzy na temat szczepie\u0144 ochronnych jako&hellip;","_links":{"self":[{"href":"https:\/\/sp1.imielin.pl\/index.php\/wp-json\/wp\/v2\/posts\/18892","targetHints":{"allow":["GET"]}}],"collection":[{"href":"https:\/\/sp1.imielin.pl\/index.php\/wp-json\/wp\/v2\/posts"}],"about":[{"href":"https:\/\/sp1.imielin.pl\/index.php\/wp-json\/wp\/v2\/types\/post"}],"author":[{"embeddable":true,"href":"https:\/\/sp1.imielin.pl\/index.php\/wp-json\/wp\/v2\/users\/2"}],"replies":[{"embeddable":true,"href":"https:\/\/sp1.imielin.pl\/index.php\/wp-json\/wp\/v2\/comments?post=18892"}],"version-history":[{"count":0,"href":"https:\/\/sp1.imielin.pl\/index.php\/wp-json\/wp\/v2\/posts\/18892\/revisions"}],"wp:featuredmedia":[{"embeddable":true,"href":"https:\/\/sp1.imielin.pl\/index.php\/wp-json\/wp\/v2\/media\/18893"}],"wp:attachment":[{"href":"https:\/\/sp1.imielin.pl\/index.php\/wp-json\/wp\/v2\/media?parent=18892"}],"wp:term":[{"taxonomy":"category","embeddable":true,"href":"https:\/\/sp1.imielin.pl\/index.php\/wp-json\/wp\/v2\/categories?post=18892"},{"taxonomy":"post_tag","embeddable":true,"href":"https:\/\/sp1.imielin.pl\/index.php\/wp-json\/wp\/v2\/tags?post=18892"}],"curies":[{"name":"wp","href":"https:\/\/api.w.org\/{rel}","templated":true}]}}