{"id":18895,"date":"2024-05-29T23:24:44","date_gmt":"2024-05-29T21:24:44","guid":{"rendered":"http:\/\/www.sp1.imielin.pl\/?p=18895"},"modified":"2024-05-29T23:24:44","modified_gmt":"2024-05-29T21:24:44","slug":"a-u-nas-juz-dzis-byl-dzien-dziecka","status":"publish","type":"post","link":"https:\/\/sp1.imielin.pl\/index.php\/2024\/05\/29\/a-u-nas-juz-dzis-byl-dzien-dziecka\/","title":{"rendered":"A u nas ju\u017c dzi\u015b by\u0142 Dzie\u0144 Dziecka"},"content":{"rendered":"<p style=\"text-align: justify;\">1 czerwca tu\u017c tu\u017c, a na naszych uczni\u00f3w ju\u017c dzisiaj czeka\u0142a w szkole niespodzianka. Kolorowa fotobudka zach\u0119ca\u0142a do robienia radosnych zdj\u0119\u0107 i by\u0142a oblegana przez ca\u0142y dzie\u0144. Z zabawnych zdj\u0119\u0107 cieszyli si\u0119 zar\u00f3wno m\u0142odsi, jak i starsi uczniowie. A jak\u017ce mi\u0142ym zaskoczeniem okaza\u0142a si\u0119 by\u0107 wizyta pani dyrektor w ka\u017cdej z klas, kt\u00f3ra rozdawa\u0142a dzieciom i m\u0142odzie\u017cy pyszne lody. \u017byczymy Wam kochani uczniowie mn\u00f3stwo u\u015bmiechu ka\u017cdego dnia i aby Wasze \u017cycie by\u0142o jeszcze lepsze i bardziej s\u0142odkie ni\u017c wszystkie lody, kt\u00f3re do tej pory zjedli\u015bcie <\/p>\n<p style=\"text-align: justify;\"><a href=\"https:\/\/www.facebook.com\/photo\/?fbid=998186665406417&amp;set=pcb.998190132072737\">FOTORELACJA\u00a0<\/a><\/p>\n<div class=\"pld-like-dislike-wrap pld-template-2\">\r\n    <div class=\"pld-like-wrap  pld-common-wrap\">\r\n    <a href=\"javascript:void(0)\" class=\"pld-like-trigger pld-like-dislike-trigger  \" title=\"\" data-post-id=\"18895\" data-trigger-type=\"like\" data-restriction=\"cookie\" data-already-liked=\"0\">\r\n                        <i class=\"fas fa-heart\"><\/i>\r\n                <\/a>\r\n    <span class=\"pld-like-count-wrap pld-count-wrap\">    <\/span>\r\n<\/div><\/div>","protected":false},"excerpt":{"rendered":"<p>1 czerwca tu\u017c tu\u017c, a na naszych uczni\u00f3w ju\u017c dzisiaj czeka\u0142a w szkole niespodzianka. Kolorowa fotobudka zach\u0119ca\u0142a do robienia radosnych zdj\u0119\u0107 i by\u0142a oblegana przez ca\u0142y dzie\u0144. Z zabawnych zdj\u0119\u0107 cieszyli si\u0119 zar\u00f3wno m\u0142odsi, jak i starsi uczniowie. A jak\u017ce mi\u0142ym zaskoczeniem okaza\u0142a si\u0119 by\u0107 wizyta pani dyrektor w ka\u017cdej z klas, kt\u00f3ra rozdawa\u0142a dzieciom [&hellip;]<\/p>\n","protected":false},"author":2,"featured_media":18896,"comment_status":"closed","ping_status":"closed","sticky":false,"template":"","format":"standard","meta":{"_uag_custom_page_level_css":"","footnotes":""},"categories":[5],"tags":[],"class_list":["post-18895","post","type-post","status-publish","format-standard","has-post-thumbnail","hentry","category-z-zycia-szkoly"],"uagb_featured_image_src":{"full":["https:\/\/sp1.imielin.pl\/wp-content\/uploads\/2024\/05\/445580671_998191632072587_5556108807518146935_n.jpg",640,480,false],"thumbnail":["https:\/\/sp1.imielin.pl\/wp-content\/uploads\/2024\/05\/445580671_998191632072587_5556108807518146935_n-150x150.jpg",150,150,true],"medium":["https:\/\/sp1.imielin.pl\/wp-content\/uploads\/2024\/05\/445580671_998191632072587_5556108807518146935_n-300x225.jpg",300,225,true],"medium_large":["https:\/\/sp1.imielin.pl\/wp-content\/uploads\/2024\/05\/445580671_998191632072587_5556108807518146935_n.jpg",525,394,false],"large":["https:\/\/sp1.imielin.pl\/wp-content\/uploads\/2024\/05\/445580671_998191632072587_5556108807518146935_n.jpg",525,394,false],"1536x1536":["https:\/\/sp1.imielin.pl\/wp-content\/uploads\/2024\/05\/445580671_998191632072587_5556108807518146935_n.jpg",640,480,false],"2048x2048":["https:\/\/sp1.imielin.pl\/wp-content\/uploads\/2024\/05\/445580671_998191632072587_5556108807518146935_n.jpg",640,480,false],"gurukul-education-featured-image":["https:\/\/sp1.imielin.pl\/wp-content\/uploads\/2024\/05\/445580671_998191632072587_5556108807518146935_n.jpg",640,480,false],"gurukul-education-thumbnail-avatar":["https:\/\/sp1.imielin.pl\/wp-content\/uploads\/2024\/05\/445580671_998191632072587_5556108807518146935_n-100x100.jpg",100,100,true]},"uagb_author_info":{"display_name":"Maria Habryka","author_link":"https:\/\/sp1.imielin.pl\/index.php\/author\/maria\/"},"uagb_comment_info":0,"uagb_excerpt":"1 czerwca tu\u017c tu\u017c, a na naszych uczni\u00f3w ju\u017c dzisiaj czeka\u0142a w szkole niespodzianka. Kolorowa fotobudka zach\u0119ca\u0142a do robienia radosnych zdj\u0119\u0107 i by\u0142a oblegana przez ca\u0142y dzie\u0144. Z zabawnych zdj\u0119\u0107 cieszyli si\u0119 zar\u00f3wno m\u0142odsi, jak i starsi uczniowie. A jak\u017ce mi\u0142ym zaskoczeniem okaza\u0142a si\u0119 by\u0107 wizyta pani dyrektor w ka\u017cdej z klas, kt\u00f3ra rozdawa\u0142a dzieciom&hellip;","_links":{"self":[{"href":"https:\/\/sp1.imielin.pl\/index.php\/wp-json\/wp\/v2\/posts\/18895","targetHints":{"allow":["GET"]}}],"collection":[{"href":"https:\/\/sp1.imielin.pl\/index.php\/wp-json\/wp\/v2\/posts"}],"about":[{"href":"https:\/\/sp1.imielin.pl\/index.php\/wp-json\/wp\/v2\/types\/post"}],"author":[{"embeddable":true,"href":"https:\/\/sp1.imielin.pl\/index.php\/wp-json\/wp\/v2\/users\/2"}],"replies":[{"embeddable":true,"href":"https:\/\/sp1.imielin.pl\/index.php\/wp-json\/wp\/v2\/comments?post=18895"}],"version-history":[{"count":0,"href":"https:\/\/sp1.imielin.pl\/index.php\/wp-json\/wp\/v2\/posts\/18895\/revisions"}],"wp:featuredmedia":[{"embeddable":true,"href":"https:\/\/sp1.imielin.pl\/index.php\/wp-json\/wp\/v2\/media\/18896"}],"wp:attachment":[{"href":"https:\/\/sp1.imielin.pl\/index.php\/wp-json\/wp\/v2\/media?parent=18895"}],"wp:term":[{"taxonomy":"category","embeddable":true,"href":"https:\/\/sp1.imielin.pl\/index.php\/wp-json\/wp\/v2\/categories?post=18895"},{"taxonomy":"post_tag","embeddable":true,"href":"https:\/\/sp1.imielin.pl\/index.php\/wp-json\/wp\/v2\/tags?post=18895"}],"curies":[{"name":"wp","href":"https:\/\/api.w.org\/{rel}","templated":true}]}}