{"id":18926,"date":"2024-06-02T18:48:51","date_gmt":"2024-06-02T16:48:51","guid":{"rendered":"http:\/\/www.sp1.imielin.pl\/?p=18926"},"modified":"2024-06-02T18:48:51","modified_gmt":"2024-06-02T16:48:51","slug":"sukces-miedzynarodowy","status":"publish","type":"post","link":"https:\/\/sp1.imielin.pl\/index.php\/2024\/06\/02\/sukces-miedzynarodowy\/","title":{"rendered":"Sukces mi\u0119dzynarodowy"},"content":{"rendered":"<p style=\"text-align: justify;\">Wielki sukces Janka Doliny i Szymona Penczka w mi\u0119dzynarodowych zawodach Dragon Cup<br \/>\nWojownicy trzech pa\u0144stw wyjechali do Karwiny. 130 zawodnik\u00f3w z Czech, S\u0142owacji i Polski zebra\u0142o si\u0119 na stadionie zimowym, gdzie odbywaj\u0105 si\u0119 otwarte zawody w sztukach walki pod nazw\u0105 Puchar Smoka. Zawody te gromadz\u0105 r\u00f3\u017cne style sztuk walki w uniwersalne dyscypliny takie jak kata, semi-contakt, czy kalaki. Reprezentanci naszej szko\u0142y Janek Dolina z 3b oraz Szymon Penczek z 2a uczestniczyli w tych zawodach. Janek zdoby\u0142 cztery razy podium: dwa z\u0142ota, 1 srebrny i 1 br\u0105zowy medal oraz puchar najlepszego zawodnika w swojej kategorii wiekowej. Szymek zdoby\u0142 z\u0142oty medal w konkurencji soft kalaki do lat 8.Ogromne gratulacje. A dzi\u015b rano Janek do\u0142\u0105czy\u0142 do koleg\u00f3w i kole\u017canek przebywaj\u0105cych na Zielonej Szkole.<\/p>\n<p style=\"text-align: justify;\"><a href=\"https:\/\/www.facebook.com\/photo?fbid=1000695268488890&amp;set=pcb.1000674445157639\">FOTORELACJA\u00a0<\/a><\/p>\n<div class=\"pld-like-dislike-wrap pld-template-2\">\r\n    <div class=\"pld-like-wrap  pld-common-wrap\">\r\n    <a href=\"javascript:void(0)\" class=\"pld-like-trigger pld-like-dislike-trigger  \" title=\"\" data-post-id=\"18926\" data-trigger-type=\"like\" data-restriction=\"cookie\" data-already-liked=\"0\">\r\n                        <i class=\"fas fa-heart\"><\/i>\r\n                <\/a>\r\n    <span class=\"pld-like-count-wrap pld-count-wrap\">    <\/span>\r\n<\/div><\/div>","protected":false},"excerpt":{"rendered":"<p>Wielki sukces Janka Doliny i Szymona Penczka w mi\u0119dzynarodowych zawodach Dragon Cup Wojownicy trzech pa\u0144stw wyjechali do Karwiny. 130 zawodnik\u00f3w z Czech, S\u0142owacji i Polski zebra\u0142o si\u0119 na stadionie zimowym, gdzie odbywaj\u0105 si\u0119 otwarte zawody w sztukach walki pod nazw\u0105 Puchar Smoka. Zawody te gromadz\u0105 r\u00f3\u017cne style sztuk walki w uniwersalne dyscypliny takie jak kata, [&hellip;]<\/p>\n","protected":false},"author":2,"featured_media":18927,"comment_status":"closed","ping_status":"closed","sticky":false,"template":"","format":"standard","meta":{"_uag_custom_page_level_css":"","footnotes":""},"categories":[5],"tags":[],"class_list":["post-18926","post","type-post","status-publish","format-standard","has-post-thumbnail","hentry","category-z-zycia-szkoly"],"uagb_featured_image_src":{"full":["https:\/\/sp1.imielin.pl\/wp-content\/uploads\/2024\/06\/447604240_1000674458490971_148657894924159390_n.jpg",640,290,false],"thumbnail":["https:\/\/sp1.imielin.pl\/wp-content\/uploads\/2024\/06\/447604240_1000674458490971_148657894924159390_n-150x150.jpg",150,150,true],"medium":["https:\/\/sp1.imielin.pl\/wp-content\/uploads\/2024\/06\/447604240_1000674458490971_148657894924159390_n-300x136.jpg",300,136,true],"medium_large":["https:\/\/sp1.imielin.pl\/wp-content\/uploads\/2024\/06\/447604240_1000674458490971_148657894924159390_n.jpg",525,238,false],"large":["https:\/\/sp1.imielin.pl\/wp-content\/uploads\/2024\/06\/447604240_1000674458490971_148657894924159390_n.jpg",525,238,false],"1536x1536":["https:\/\/sp1.imielin.pl\/wp-content\/uploads\/2024\/06\/447604240_1000674458490971_148657894924159390_n.jpg",640,290,false],"2048x2048":["https:\/\/sp1.imielin.pl\/wp-content\/uploads\/2024\/06\/447604240_1000674458490971_148657894924159390_n.jpg",640,290,false],"gurukul-education-featured-image":["https:\/\/sp1.imielin.pl\/wp-content\/uploads\/2024\/06\/447604240_1000674458490971_148657894924159390_n.jpg",640,290,false],"gurukul-education-thumbnail-avatar":["https:\/\/sp1.imielin.pl\/wp-content\/uploads\/2024\/06\/447604240_1000674458490971_148657894924159390_n-100x100.jpg",100,100,true]},"uagb_author_info":{"display_name":"Maria Habryka","author_link":"https:\/\/sp1.imielin.pl\/index.php\/author\/maria\/"},"uagb_comment_info":0,"uagb_excerpt":"Wielki sukces Janka Doliny i Szymona Penczka w mi\u0119dzynarodowych zawodach Dragon Cup Wojownicy trzech pa\u0144stw wyjechali do Karwiny. 130 zawodnik\u00f3w z Czech, S\u0142owacji i Polski zebra\u0142o si\u0119 na stadionie zimowym, gdzie odbywaj\u0105 si\u0119 otwarte zawody w sztukach walki pod nazw\u0105 Puchar Smoka. Zawody te gromadz\u0105 r\u00f3\u017cne style sztuk walki w uniwersalne dyscypliny takie jak kata,&hellip;","_links":{"self":[{"href":"https:\/\/sp1.imielin.pl\/index.php\/wp-json\/wp\/v2\/posts\/18926","targetHints":{"allow":["GET"]}}],"collection":[{"href":"https:\/\/sp1.imielin.pl\/index.php\/wp-json\/wp\/v2\/posts"}],"about":[{"href":"https:\/\/sp1.imielin.pl\/index.php\/wp-json\/wp\/v2\/types\/post"}],"author":[{"embeddable":true,"href":"https:\/\/sp1.imielin.pl\/index.php\/wp-json\/wp\/v2\/users\/2"}],"replies":[{"embeddable":true,"href":"https:\/\/sp1.imielin.pl\/index.php\/wp-json\/wp\/v2\/comments?post=18926"}],"version-history":[{"count":0,"href":"https:\/\/sp1.imielin.pl\/index.php\/wp-json\/wp\/v2\/posts\/18926\/revisions"}],"wp:featuredmedia":[{"embeddable":true,"href":"https:\/\/sp1.imielin.pl\/index.php\/wp-json\/wp\/v2\/media\/18927"}],"wp:attachment":[{"href":"https:\/\/sp1.imielin.pl\/index.php\/wp-json\/wp\/v2\/media?parent=18926"}],"wp:term":[{"taxonomy":"category","embeddable":true,"href":"https:\/\/sp1.imielin.pl\/index.php\/wp-json\/wp\/v2\/categories?post=18926"},{"taxonomy":"post_tag","embeddable":true,"href":"https:\/\/sp1.imielin.pl\/index.php\/wp-json\/wp\/v2\/tags?post=18926"}],"curies":[{"name":"wp","href":"https:\/\/api.w.org\/{rel}","templated":true}]}}