{"id":18930,"date":"2024-06-03T21:27:04","date_gmt":"2024-06-03T19:27:04","guid":{"rendered":"http:\/\/www.sp1.imielin.pl\/?p=18930"},"modified":"2024-06-03T21:27:04","modified_gmt":"2024-06-03T19:27:04","slug":"spotkanie-ze-smokiem-plomyczkiem","status":"publish","type":"post","link":"https:\/\/sp1.imielin.pl\/index.php\/2024\/06\/03\/spotkanie-ze-smokiem-plomyczkiem\/","title":{"rendered":"Spotkanie ze smokiem P\u0142omyczkiem"},"content":{"rendered":"<p style=\"text-align: justify;\">Dzisiaj go\u015bcili\u015bmy w naszej szkole autork\u0119 ksi\u0105\u017cki \u201eWyj\u0105tkowy smok P\u0142omyczek\u201d Pani\u0105 Wiolet\u0119 Pir\u00f3g. W spotkaniu wzi\u0119li uczniowie klas pierwszych i drugich. Pani Wioleta odczyta\u0142a nam fragmenty ksi\u0105\u017cki o smoku P\u0142omyczku, kt\u00f3ry urodzi\u0142 si\u0119 bez skrzyde\u0142 i nie potrafi\u0142 lata\u0107. R\u00f3wie\u015bnicy mu dokuczali, ale tylko do momentu, kiedy okaza\u0142o si\u0119, \u017ce\u2026 Je\u017celi chcecie si\u0119 dowiedzie\u0107 przeczytajcie sami. W drugiej cz\u0119\u015bci spotkania dzieci rozmawia\u0142y o niepe\u0142nosprawno\u015bci oraz uczuciach, kt\u00f3re towarzyszy\u0142y ma\u0142emu smokowi i jego rodzicom. Poznaj\u0105c smoka P\u0142omyczka, dzieci u\u015bwiadomi\u0142y sobie, \u017ce inny nie znaczy gorszy, a przyja\u017a\u0144 jest mo\u017cliwa mimo dziel\u0105cych nas r\u00f3\u017cnic. Bardzo dzi\u0119kujemy Pani Wioli za bardzo warto\u015bciowe spotkanie.<\/p>\n<p style=\"text-align: justify;\"><a href=\"https:\/\/www.facebook.com\/photo\/?fbid=1001387741752976&amp;set=pcb.1001388295086254\">FOTORELACJA\u00a0<\/a><\/p>\n<div class=\"pld-like-dislike-wrap pld-template-2\">\r\n    <div class=\"pld-like-wrap  pld-common-wrap\">\r\n    <a href=\"javascript:void(0)\" class=\"pld-like-trigger pld-like-dislike-trigger  \" title=\"\" data-post-id=\"18930\" data-trigger-type=\"like\" data-restriction=\"cookie\" data-already-liked=\"0\">\r\n                        <i class=\"fas fa-heart\"><\/i>\r\n                <\/a>\r\n    <span class=\"pld-like-count-wrap pld-count-wrap\">    <\/span>\r\n<\/div><\/div>","protected":false},"excerpt":{"rendered":"<p>Dzisiaj go\u015bcili\u015bmy w naszej szkole autork\u0119 ksi\u0105\u017cki \u201eWyj\u0105tkowy smok P\u0142omyczek\u201d Pani\u0105 Wiolet\u0119 Pir\u00f3g. W spotkaniu wzi\u0119li uczniowie klas pierwszych i drugich. Pani Wioleta odczyta\u0142a nam fragmenty ksi\u0105\u017cki o smoku P\u0142omyczku, kt\u00f3ry urodzi\u0142 si\u0119 bez skrzyde\u0142 i nie potrafi\u0142 lata\u0107. R\u00f3wie\u015bnicy mu dokuczali, ale tylko do momentu, kiedy okaza\u0142o si\u0119, \u017ce\u2026 Je\u017celi chcecie si\u0119 dowiedzie\u0107 przeczytajcie [&hellip;]<\/p>\n","protected":false},"author":2,"featured_media":18931,"comment_status":"closed","ping_status":"closed","sticky":false,"template":"","format":"standard","meta":{"_uag_custom_page_level_css":"","footnotes":""},"categories":[5],"tags":[],"class_list":["post-18930","post","type-post","status-publish","format-standard","has-post-thumbnail","hentry","category-z-zycia-szkoly"],"uagb_featured_image_src":{"full":["https:\/\/sp1.imielin.pl\/wp-content\/uploads\/2024\/06\/447608379_1001388371752913_6934569107901071102_n.jpg",512,384,false],"thumbnail":["https:\/\/sp1.imielin.pl\/wp-content\/uploads\/2024\/06\/447608379_1001388371752913_6934569107901071102_n-150x150.jpg",150,150,true],"medium":["https:\/\/sp1.imielin.pl\/wp-content\/uploads\/2024\/06\/447608379_1001388371752913_6934569107901071102_n-300x225.jpg",300,225,true],"medium_large":["https:\/\/sp1.imielin.pl\/wp-content\/uploads\/2024\/06\/447608379_1001388371752913_6934569107901071102_n.jpg",512,384,false],"large":["https:\/\/sp1.imielin.pl\/wp-content\/uploads\/2024\/06\/447608379_1001388371752913_6934569107901071102_n.jpg",512,384,false],"1536x1536":["https:\/\/sp1.imielin.pl\/wp-content\/uploads\/2024\/06\/447608379_1001388371752913_6934569107901071102_n.jpg",512,384,false],"2048x2048":["https:\/\/sp1.imielin.pl\/wp-content\/uploads\/2024\/06\/447608379_1001388371752913_6934569107901071102_n.jpg",512,384,false],"gurukul-education-featured-image":["https:\/\/sp1.imielin.pl\/wp-content\/uploads\/2024\/06\/447608379_1001388371752913_6934569107901071102_n.jpg",512,384,false],"gurukul-education-thumbnail-avatar":["https:\/\/sp1.imielin.pl\/wp-content\/uploads\/2024\/06\/447608379_1001388371752913_6934569107901071102_n-100x100.jpg",100,100,true]},"uagb_author_info":{"display_name":"Maria Habryka","author_link":"https:\/\/sp1.imielin.pl\/index.php\/author\/maria\/"},"uagb_comment_info":0,"uagb_excerpt":"Dzisiaj go\u015bcili\u015bmy w naszej szkole autork\u0119 ksi\u0105\u017cki \u201eWyj\u0105tkowy smok P\u0142omyczek\u201d Pani\u0105 Wiolet\u0119 Pir\u00f3g. W spotkaniu wzi\u0119li uczniowie klas pierwszych i drugich. Pani Wioleta odczyta\u0142a nam fragmenty ksi\u0105\u017cki o smoku P\u0142omyczku, kt\u00f3ry urodzi\u0142 si\u0119 bez skrzyde\u0142 i nie potrafi\u0142 lata\u0107. R\u00f3wie\u015bnicy mu dokuczali, ale tylko do momentu, kiedy okaza\u0142o si\u0119, \u017ce\u2026 Je\u017celi chcecie si\u0119 dowiedzie\u0107 przeczytajcie&hellip;","_links":{"self":[{"href":"https:\/\/sp1.imielin.pl\/index.php\/wp-json\/wp\/v2\/posts\/18930","targetHints":{"allow":["GET"]}}],"collection":[{"href":"https:\/\/sp1.imielin.pl\/index.php\/wp-json\/wp\/v2\/posts"}],"about":[{"href":"https:\/\/sp1.imielin.pl\/index.php\/wp-json\/wp\/v2\/types\/post"}],"author":[{"embeddable":true,"href":"https:\/\/sp1.imielin.pl\/index.php\/wp-json\/wp\/v2\/users\/2"}],"replies":[{"embeddable":true,"href":"https:\/\/sp1.imielin.pl\/index.php\/wp-json\/wp\/v2\/comments?post=18930"}],"version-history":[{"count":0,"href":"https:\/\/sp1.imielin.pl\/index.php\/wp-json\/wp\/v2\/posts\/18930\/revisions"}],"wp:featuredmedia":[{"embeddable":true,"href":"https:\/\/sp1.imielin.pl\/index.php\/wp-json\/wp\/v2\/media\/18931"}],"wp:attachment":[{"href":"https:\/\/sp1.imielin.pl\/index.php\/wp-json\/wp\/v2\/media?parent=18930"}],"wp:term":[{"taxonomy":"category","embeddable":true,"href":"https:\/\/sp1.imielin.pl\/index.php\/wp-json\/wp\/v2\/categories?post=18930"},{"taxonomy":"post_tag","embeddable":true,"href":"https:\/\/sp1.imielin.pl\/index.php\/wp-json\/wp\/v2\/tags?post=18930"}],"curies":[{"name":"wp","href":"https:\/\/api.w.org\/{rel}","templated":true}]}}