{"id":18933,"date":"2024-06-03T21:32:32","date_gmt":"2024-06-03T19:32:32","guid":{"rendered":"http:\/\/www.sp1.imielin.pl\/?p=18933"},"modified":"2024-06-03T21:32:32","modified_gmt":"2024-06-03T19:32:32","slug":"ruchome-wydmy-zdobyte","status":"publish","type":"post","link":"https:\/\/sp1.imielin.pl\/index.php\/2024\/06\/03\/ruchome-wydmy-zdobyte\/","title":{"rendered":"Ruchome wydmy zdobyte!"},"content":{"rendered":"<p>Zielona Szko\u0142a zameldowa\u0142a si\u0119 dzisiaj w S\u0142owi\u0144skim Parku Narodowym, a ich celem by\u0142y ruchome wydmy. Ca\u0142e mn\u00f3stwo krok\u00f3w i jeszcze wi\u0119cej rado\u015bci. To by\u0142 intensywny, ale jak\u017ce aktywny dzie\u0144.<\/p>\n<p><a href=\"https:\/\/www.facebook.com\/sp1.imielin\/videos\/826283002731070\">FILM\u00a0<\/a><\/p>\n<div class=\"pld-like-dislike-wrap pld-template-2\">\r\n    <div class=\"pld-like-wrap  pld-common-wrap\">\r\n    <a href=\"javascript:void(0)\" class=\"pld-like-trigger pld-like-dislike-trigger  \" title=\"\" data-post-id=\"18933\" data-trigger-type=\"like\" data-restriction=\"cookie\" data-already-liked=\"0\">\r\n                        <i class=\"fas fa-heart\"><\/i>\r\n                <\/a>\r\n    <span class=\"pld-like-count-wrap pld-count-wrap\">    <\/span>\r\n<\/div><\/div>","protected":false},"excerpt":{"rendered":"<p>Zielona Szko\u0142a zameldowa\u0142a si\u0119 dzisiaj w S\u0142owi\u0144skim Parku Narodowym, a ich celem by\u0142y ruchome wydmy. Ca\u0142e mn\u00f3stwo krok\u00f3w i jeszcze wi\u0119cej rado\u015bci. To by\u0142 intensywny, ale jak\u017ce aktywny dzie\u0144. FILM\u00a0<\/p>\n","protected":false},"author":2,"featured_media":18934,"comment_status":"closed","ping_status":"closed","sticky":false,"template":"","format":"standard","meta":{"_uag_custom_page_level_css":"","footnotes":""},"categories":[5],"tags":[],"class_list":["post-18933","post","type-post","status-publish","format-standard","has-post-thumbnail","hentry","category-z-zycia-szkoly"],"uagb_featured_image_src":{"full":["https:\/\/sp1.imielin.pl\/wp-content\/uploads\/2024\/06\/frreee.png",666,370,false],"thumbnail":["https:\/\/sp1.imielin.pl\/wp-content\/uploads\/2024\/06\/frreee-150x150.png",150,150,true],"medium":["https:\/\/sp1.imielin.pl\/wp-content\/uploads\/2024\/06\/frreee-300x167.png",300,167,true],"medium_large":["https:\/\/sp1.imielin.pl\/wp-content\/uploads\/2024\/06\/frreee.png",525,292,false],"large":["https:\/\/sp1.imielin.pl\/wp-content\/uploads\/2024\/06\/frreee.png",525,292,false],"1536x1536":["https:\/\/sp1.imielin.pl\/wp-content\/uploads\/2024\/06\/frreee.png",666,370,false],"2048x2048":["https:\/\/sp1.imielin.pl\/wp-content\/uploads\/2024\/06\/frreee.png",666,370,false],"gurukul-education-featured-image":["https:\/\/sp1.imielin.pl\/wp-content\/uploads\/2024\/06\/frreee.png",666,370,false],"gurukul-education-thumbnail-avatar":["https:\/\/sp1.imielin.pl\/wp-content\/uploads\/2024\/06\/frreee-100x100.png",100,100,true]},"uagb_author_info":{"display_name":"Maria Habryka","author_link":"https:\/\/sp1.imielin.pl\/index.php\/author\/maria\/"},"uagb_comment_info":0,"uagb_excerpt":"Zielona Szko\u0142a zameldowa\u0142a si\u0119 dzisiaj w S\u0142owi\u0144skim Parku Narodowym, a ich celem by\u0142y ruchome wydmy. Ca\u0142e mn\u00f3stwo krok\u00f3w i jeszcze wi\u0119cej rado\u015bci. To by\u0142 intensywny, ale jak\u017ce aktywny dzie\u0144. FILM\u00a0","_links":{"self":[{"href":"https:\/\/sp1.imielin.pl\/index.php\/wp-json\/wp\/v2\/posts\/18933","targetHints":{"allow":["GET"]}}],"collection":[{"href":"https:\/\/sp1.imielin.pl\/index.php\/wp-json\/wp\/v2\/posts"}],"about":[{"href":"https:\/\/sp1.imielin.pl\/index.php\/wp-json\/wp\/v2\/types\/post"}],"author":[{"embeddable":true,"href":"https:\/\/sp1.imielin.pl\/index.php\/wp-json\/wp\/v2\/users\/2"}],"replies":[{"embeddable":true,"href":"https:\/\/sp1.imielin.pl\/index.php\/wp-json\/wp\/v2\/comments?post=18933"}],"version-history":[{"count":0,"href":"https:\/\/sp1.imielin.pl\/index.php\/wp-json\/wp\/v2\/posts\/18933\/revisions"}],"wp:featuredmedia":[{"embeddable":true,"href":"https:\/\/sp1.imielin.pl\/index.php\/wp-json\/wp\/v2\/media\/18934"}],"wp:attachment":[{"href":"https:\/\/sp1.imielin.pl\/index.php\/wp-json\/wp\/v2\/media?parent=18933"}],"wp:term":[{"taxonomy":"category","embeddable":true,"href":"https:\/\/sp1.imielin.pl\/index.php\/wp-json\/wp\/v2\/categories?post=18933"},{"taxonomy":"post_tag","embeddable":true,"href":"https:\/\/sp1.imielin.pl\/index.php\/wp-json\/wp\/v2\/tags?post=18933"}],"curies":[{"name":"wp","href":"https:\/\/api.w.org\/{rel}","templated":true}]}}