{"id":19064,"date":"2024-06-20T16:32:50","date_gmt":"2024-06-20T14:32:50","guid":{"rendered":"http:\/\/www.sp1.imielin.pl\/?p=19064"},"modified":"2024-06-20T16:32:50","modified_gmt":"2024-06-20T14:32:50","slug":"grad-nagrod","status":"publish","type":"post","link":"https:\/\/sp1.imielin.pl\/index.php\/2024\/06\/20\/grad-nagrod\/","title":{"rendered":"Grad nagr\u00f3d"},"content":{"rendered":"<p style=\"text-align: justify;\">Za oknem gor\u0105ce s\u0142o\u0144ce, a u nas grad. Grad nagr\u00f3d , kt\u00f3ry spad\u0142 na zwyci\u0119zc\u00f3w konkurs\u00f3w zorganizowanych w drugim p\u00f3\u0142roczu. Dyplomy i upominki z pewno\u015bci\u0105 sprawi\u0142y ogromn\u0105 rado\u015b\u0107 wszystkim obdarowanym. Dzi\u0119kujemy Wam za udzia\u0142 w konkursach i zach\u0119camy do zabawy w przysz\u0142ym roku szkolnym.<\/p>\n<p style=\"text-align: justify;\"><a href=\"https:\/\/www.facebook.com\/photo\/?fbid=1012770700614680&amp;set=pcb.1012771360614614\">FOTORELACJA\u00a0<\/a><\/p>\n<div class=\"pld-like-dislike-wrap pld-template-2\">\r\n    <div class=\"pld-like-wrap  pld-common-wrap\">\r\n    <a href=\"javascript:void(0)\" class=\"pld-like-trigger pld-like-dislike-trigger  \" title=\"\" data-post-id=\"19064\" data-trigger-type=\"like\" data-restriction=\"cookie\" data-already-liked=\"0\">\r\n                        <i class=\"fas fa-heart\"><\/i>\r\n                <\/a>\r\n    <span class=\"pld-like-count-wrap pld-count-wrap\">    <\/span>\r\n<\/div><\/div>","protected":false},"excerpt":{"rendered":"<p>Za oknem gor\u0105ce s\u0142o\u0144ce, a u nas grad. Grad nagr\u00f3d , kt\u00f3ry spad\u0142 na zwyci\u0119zc\u00f3w konkurs\u00f3w zorganizowanych w drugim p\u00f3\u0142roczu. Dyplomy i upominki z pewno\u015bci\u0105 sprawi\u0142y ogromn\u0105 rado\u015b\u0107 wszystkim obdarowanym. Dzi\u0119kujemy Wam za udzia\u0142 w konkursach i zach\u0119camy do zabawy w przysz\u0142ym roku szkolnym. FOTORELACJA\u00a0<\/p>\n","protected":false},"author":2,"featured_media":19065,"comment_status":"closed","ping_status":"closed","sticky":false,"template":"","format":"standard","meta":{"_uag_custom_page_level_css":"","footnotes":""},"categories":[5],"tags":[],"class_list":["post-19064","post","type-post","status-publish","format-standard","has-post-thumbnail","hentry","category-z-zycia-szkoly"],"uagb_featured_image_src":{"full":["https:\/\/sp1.imielin.pl\/wp-content\/uploads\/2024\/06\/448848029_1012770913947992_3336104169966242610_n.jpg",512,342,false],"thumbnail":["https:\/\/sp1.imielin.pl\/wp-content\/uploads\/2024\/06\/448848029_1012770913947992_3336104169966242610_n-150x150.jpg",150,150,true],"medium":["https:\/\/sp1.imielin.pl\/wp-content\/uploads\/2024\/06\/448848029_1012770913947992_3336104169966242610_n-300x200.jpg",300,200,true],"medium_large":["https:\/\/sp1.imielin.pl\/wp-content\/uploads\/2024\/06\/448848029_1012770913947992_3336104169966242610_n.jpg",512,342,false],"large":["https:\/\/sp1.imielin.pl\/wp-content\/uploads\/2024\/06\/448848029_1012770913947992_3336104169966242610_n.jpg",512,342,false],"1536x1536":["https:\/\/sp1.imielin.pl\/wp-content\/uploads\/2024\/06\/448848029_1012770913947992_3336104169966242610_n.jpg",512,342,false],"2048x2048":["https:\/\/sp1.imielin.pl\/wp-content\/uploads\/2024\/06\/448848029_1012770913947992_3336104169966242610_n.jpg",512,342,false],"gurukul-education-featured-image":["https:\/\/sp1.imielin.pl\/wp-content\/uploads\/2024\/06\/448848029_1012770913947992_3336104169966242610_n.jpg",512,342,false],"gurukul-education-thumbnail-avatar":["https:\/\/sp1.imielin.pl\/wp-content\/uploads\/2024\/06\/448848029_1012770913947992_3336104169966242610_n-100x100.jpg",100,100,true]},"uagb_author_info":{"display_name":"Maria Habryka","author_link":"https:\/\/sp1.imielin.pl\/index.php\/author\/maria\/"},"uagb_comment_info":0,"uagb_excerpt":"Za oknem gor\u0105ce s\u0142o\u0144ce, a u nas grad. Grad nagr\u00f3d , kt\u00f3ry spad\u0142 na zwyci\u0119zc\u00f3w konkurs\u00f3w zorganizowanych w drugim p\u00f3\u0142roczu. Dyplomy i upominki z pewno\u015bci\u0105 sprawi\u0142y ogromn\u0105 rado\u015b\u0107 wszystkim obdarowanym. Dzi\u0119kujemy Wam za udzia\u0142 w konkursach i zach\u0119camy do zabawy w przysz\u0142ym roku szkolnym. FOTORELACJA\u00a0","_links":{"self":[{"href":"https:\/\/sp1.imielin.pl\/index.php\/wp-json\/wp\/v2\/posts\/19064","targetHints":{"allow":["GET"]}}],"collection":[{"href":"https:\/\/sp1.imielin.pl\/index.php\/wp-json\/wp\/v2\/posts"}],"about":[{"href":"https:\/\/sp1.imielin.pl\/index.php\/wp-json\/wp\/v2\/types\/post"}],"author":[{"embeddable":true,"href":"https:\/\/sp1.imielin.pl\/index.php\/wp-json\/wp\/v2\/users\/2"}],"replies":[{"embeddable":true,"href":"https:\/\/sp1.imielin.pl\/index.php\/wp-json\/wp\/v2\/comments?post=19064"}],"version-history":[{"count":0,"href":"https:\/\/sp1.imielin.pl\/index.php\/wp-json\/wp\/v2\/posts\/19064\/revisions"}],"wp:featuredmedia":[{"embeddable":true,"href":"https:\/\/sp1.imielin.pl\/index.php\/wp-json\/wp\/v2\/media\/19065"}],"wp:attachment":[{"href":"https:\/\/sp1.imielin.pl\/index.php\/wp-json\/wp\/v2\/media?parent=19064"}],"wp:term":[{"taxonomy":"category","embeddable":true,"href":"https:\/\/sp1.imielin.pl\/index.php\/wp-json\/wp\/v2\/categories?post=19064"},{"taxonomy":"post_tag","embeddable":true,"href":"https:\/\/sp1.imielin.pl\/index.php\/wp-json\/wp\/v2\/tags?post=19064"}],"curies":[{"name":"wp","href":"https:\/\/api.w.org\/{rel}","templated":true}]}}