{"id":19067,"date":"2024-06-21T11:59:47","date_gmt":"2024-06-21T09:59:47","guid":{"rendered":"http:\/\/www.sp1.imielin.pl\/?p=19067"},"modified":"2024-06-21T11:59:47","modified_gmt":"2024-06-21T09:59:47","slug":"swietliczaki-na-tropie-przyslow","status":"publish","type":"post","link":"https:\/\/sp1.imielin.pl\/index.php\/2024\/06\/21\/swietliczaki-na-tropie-przyslow\/","title":{"rendered":"\u015awietliczaki na tropie&#8230; przys\u0142\u00f3w"},"content":{"rendered":"<p style=\"text-align: justify;\">Lepiej zapobiega\u0107 ni\u017c leczy\u0107, Jedna jask\u00f3\u0142ka wiosny nie czyni, Aksamity i at\u0142asy nie dodaj\u0105 okrasy, Co kraj to obyczaj, Co dwie g\u0142owy to nie jedna, Wybiera\u0107 si\u0119 jak s\u00f3jka za morze &#8211; oto kilka temat\u00f3w zaj\u0119\u0107, kt\u00f3re towarzyszy\u0142y nam podczas realizacji og\u00f3lnopolskiego projektu edukacyjnego pt. &#8222;\u015awietliczaki na tropie&#8230; przys\u0142\u00f3w&#8221;. Uczniowie podczas zaj\u0119\u0107 \u015bwietlicowych odkrywali znaczenie przys\u0142\u00f3w i przy okazji wykonywali r\u00f3\u017cnorodne zadania.<\/p>\n<p style=\"text-align: justify;\"><img loading=\"lazy\" decoding=\"async\" class=\"alignnone wp-image-19072 size-full\" src=\"http:\/\/www.sp1.imielin.pl\/wp-content\/uploads\/2024\/06\/rfghrr.jpg\" alt=\"rfghrr\" width=\"334\" height=\"500\" srcset=\"https:\/\/sp1.imielin.pl\/wp-content\/uploads\/2024\/06\/rfghrr.jpg 334w, https:\/\/sp1.imielin.pl\/wp-content\/uploads\/2024\/06\/rfghrr-200x300.jpg 200w\" sizes=\"auto, (max-width: 334px) 100vw, 334px\" \/><\/p>\n<p style=\"text-align: justify;\">\n<div class=\"pld-like-dislike-wrap pld-template-2\">\r\n    <div class=\"pld-like-wrap  pld-common-wrap\">\r\n    <a href=\"javascript:void(0)\" class=\"pld-like-trigger pld-like-dislike-trigger  \" title=\"\" data-post-id=\"19067\" data-trigger-type=\"like\" data-restriction=\"cookie\" data-already-liked=\"0\">\r\n                        <i class=\"fas fa-heart\"><\/i>\r\n                <\/a>\r\n    <span class=\"pld-like-count-wrap pld-count-wrap\">    <\/span>\r\n<\/div><\/div>","protected":false},"excerpt":{"rendered":"<p>Lepiej zapobiega\u0107 ni\u017c leczy\u0107, Jedna jask\u00f3\u0142ka wiosny nie czyni, Aksamity i at\u0142asy nie dodaj\u0105 okrasy, Co kraj to obyczaj, Co dwie g\u0142owy to nie jedna, Wybiera\u0107 si\u0119 jak s\u00f3jka za morze &#8211; oto kilka temat\u00f3w zaj\u0119\u0107, kt\u00f3re towarzyszy\u0142y nam podczas realizacji og\u00f3lnopolskiego projektu edukacyjnego pt. &#8222;\u015awietliczaki na tropie&#8230; przys\u0142\u00f3w&#8221;. Uczniowie podczas zaj\u0119\u0107 \u015bwietlicowych odkrywali znaczenie [&hellip;]<\/p>\n","protected":false},"author":2,"featured_media":19070,"comment_status":"closed","ping_status":"closed","sticky":false,"template":"","format":"standard","meta":{"_uag_custom_page_level_css":"","footnotes":""},"categories":[5],"tags":[],"class_list":["post-19067","post","type-post","status-publish","format-standard","has-post-thumbnail","hentry","category-z-zycia-szkoly"],"uagb_featured_image_src":{"full":["https:\/\/sp1.imielin.pl\/wp-content\/uploads\/2024\/06\/Swieliczaki-Dyplom-2023_2024-2.jpg",561,397,false],"thumbnail":["https:\/\/sp1.imielin.pl\/wp-content\/uploads\/2024\/06\/Swieliczaki-Dyplom-2023_2024-2-150x150.jpg",150,150,true],"medium":["https:\/\/sp1.imielin.pl\/wp-content\/uploads\/2024\/06\/Swieliczaki-Dyplom-2023_2024-2-300x212.jpg",300,212,true],"medium_large":["https:\/\/sp1.imielin.pl\/wp-content\/uploads\/2024\/06\/Swieliczaki-Dyplom-2023_2024-2.jpg",525,372,false],"large":["https:\/\/sp1.imielin.pl\/wp-content\/uploads\/2024\/06\/Swieliczaki-Dyplom-2023_2024-2.jpg",525,372,false],"1536x1536":["https:\/\/sp1.imielin.pl\/wp-content\/uploads\/2024\/06\/Swieliczaki-Dyplom-2023_2024-2.jpg",561,397,false],"2048x2048":["https:\/\/sp1.imielin.pl\/wp-content\/uploads\/2024\/06\/Swieliczaki-Dyplom-2023_2024-2.jpg",561,397,false],"gurukul-education-featured-image":["https:\/\/sp1.imielin.pl\/wp-content\/uploads\/2024\/06\/Swieliczaki-Dyplom-2023_2024-2.jpg",561,397,false],"gurukul-education-thumbnail-avatar":["https:\/\/sp1.imielin.pl\/wp-content\/uploads\/2024\/06\/Swieliczaki-Dyplom-2023_2024-2-100x100.jpg",100,100,true]},"uagb_author_info":{"display_name":"Maria Habryka","author_link":"https:\/\/sp1.imielin.pl\/index.php\/author\/maria\/"},"uagb_comment_info":0,"uagb_excerpt":"Lepiej zapobiega\u0107 ni\u017c leczy\u0107, Jedna jask\u00f3\u0142ka wiosny nie czyni, Aksamity i at\u0142asy nie dodaj\u0105 okrasy, Co kraj to obyczaj, Co dwie g\u0142owy to nie jedna, Wybiera\u0107 si\u0119 jak s\u00f3jka za morze &#8211; oto kilka temat\u00f3w zaj\u0119\u0107, kt\u00f3re towarzyszy\u0142y nam podczas realizacji og\u00f3lnopolskiego projektu edukacyjnego pt. &#8222;\u015awietliczaki na tropie&#8230; przys\u0142\u00f3w&#8221;. Uczniowie podczas zaj\u0119\u0107 \u015bwietlicowych odkrywali znaczenie&hellip;","_links":{"self":[{"href":"https:\/\/sp1.imielin.pl\/index.php\/wp-json\/wp\/v2\/posts\/19067","targetHints":{"allow":["GET"]}}],"collection":[{"href":"https:\/\/sp1.imielin.pl\/index.php\/wp-json\/wp\/v2\/posts"}],"about":[{"href":"https:\/\/sp1.imielin.pl\/index.php\/wp-json\/wp\/v2\/types\/post"}],"author":[{"embeddable":true,"href":"https:\/\/sp1.imielin.pl\/index.php\/wp-json\/wp\/v2\/users\/2"}],"replies":[{"embeddable":true,"href":"https:\/\/sp1.imielin.pl\/index.php\/wp-json\/wp\/v2\/comments?post=19067"}],"version-history":[{"count":0,"href":"https:\/\/sp1.imielin.pl\/index.php\/wp-json\/wp\/v2\/posts\/19067\/revisions"}],"wp:featuredmedia":[{"embeddable":true,"href":"https:\/\/sp1.imielin.pl\/index.php\/wp-json\/wp\/v2\/media\/19070"}],"wp:attachment":[{"href":"https:\/\/sp1.imielin.pl\/index.php\/wp-json\/wp\/v2\/media?parent=19067"}],"wp:term":[{"taxonomy":"category","embeddable":true,"href":"https:\/\/sp1.imielin.pl\/index.php\/wp-json\/wp\/v2\/categories?post=19067"},{"taxonomy":"post_tag","embeddable":true,"href":"https:\/\/sp1.imielin.pl\/index.php\/wp-json\/wp\/v2\/tags?post=19067"}],"curies":[{"name":"wp","href":"https:\/\/api.w.org\/{rel}","templated":true}]}}