{"id":19117,"date":"2024-07-08T15:13:45","date_gmt":"2024-07-08T13:13:45","guid":{"rendered":"http:\/\/www.sp1.imielin.pl\/?p=19117"},"modified":"2024-07-08T15:13:45","modified_gmt":"2024-07-08T13:13:45","slug":"drugi-tydzien-wakacji-w-miescie","status":"publish","type":"post","link":"https:\/\/sp1.imielin.pl\/index.php\/2024\/07\/08\/drugi-tydzien-wakacji-w-miescie\/","title":{"rendered":"Drugi tydzie\u0144 Wakacji w Mie\u015bcie"},"content":{"rendered":"<p>Od zaj\u0119\u0107 sportowych rozpocz\u0105\u0142 si\u0119 drugi tydzie\u0144 Wakacji w Mie\u015bcie<br \/>\nUczniowski Kolarski Klub Sportowy Imielin Team, LKS Pogo\u0144, Stowarzyszenie Big Budo Polska, MKS COPCO Imielin &#8211; 1 liga siatk\u00f3wki kobiet, UKS Energia Imielin.<\/p>\n<p><a href=\"https:\/\/www.facebook.com\/sp1.imielin\/videos\/1978199199250048\">FILM<\/a><\/p>\n<div class=\"pld-like-dislike-wrap pld-template-2\">\r\n    <div class=\"pld-like-wrap  pld-common-wrap\">\r\n    <a href=\"javascript:void(0)\" class=\"pld-like-trigger pld-like-dislike-trigger  \" title=\"\" data-post-id=\"19117\" data-trigger-type=\"like\" data-restriction=\"cookie\" data-already-liked=\"0\">\r\n                        <i class=\"fas fa-heart\"><\/i>\r\n                <\/a>\r\n    <span class=\"pld-like-count-wrap pld-count-wrap\">    <\/span>\r\n<\/div><\/div>","protected":false},"excerpt":{"rendered":"<p>Od zaj\u0119\u0107 sportowych rozpocz\u0105\u0142 si\u0119 drugi tydzie\u0144 Wakacji w Mie\u015bcie Uczniowski Kolarski Klub Sportowy Imielin Team, LKS Pogo\u0144, Stowarzyszenie Big Budo Polska, MKS COPCO Imielin &#8211; 1 liga siatk\u00f3wki kobiet, UKS Energia Imielin. FILM<\/p>\n","protected":false},"author":2,"featured_media":19118,"comment_status":"closed","ping_status":"closed","sticky":false,"template":"","format":"standard","meta":{"_uag_custom_page_level_css":"","footnotes":""},"categories":[5],"tags":[],"class_list":["post-19117","post","type-post","status-publish","format-standard","has-post-thumbnail","hentry","category-z-zycia-szkoly"],"uagb_featured_image_src":{"full":["https:\/\/sp1.imielin.pl\/wp-content\/uploads\/2024\/07\/grree.png",444,243,false],"thumbnail":["https:\/\/sp1.imielin.pl\/wp-content\/uploads\/2024\/07\/grree-150x150.png",150,150,true],"medium":["https:\/\/sp1.imielin.pl\/wp-content\/uploads\/2024\/07\/grree-300x164.png",300,164,true],"medium_large":["https:\/\/sp1.imielin.pl\/wp-content\/uploads\/2024\/07\/grree.png",444,243,false],"large":["https:\/\/sp1.imielin.pl\/wp-content\/uploads\/2024\/07\/grree.png",444,243,false],"1536x1536":["https:\/\/sp1.imielin.pl\/wp-content\/uploads\/2024\/07\/grree.png",444,243,false],"2048x2048":["https:\/\/sp1.imielin.pl\/wp-content\/uploads\/2024\/07\/grree.png",444,243,false],"gurukul-education-featured-image":["https:\/\/sp1.imielin.pl\/wp-content\/uploads\/2024\/07\/grree.png",444,243,false],"gurukul-education-thumbnail-avatar":["https:\/\/sp1.imielin.pl\/wp-content\/uploads\/2024\/07\/grree-100x100.png",100,100,true]},"uagb_author_info":{"display_name":"Maria Habryka","author_link":"https:\/\/sp1.imielin.pl\/index.php\/author\/maria\/"},"uagb_comment_info":0,"uagb_excerpt":"Od zaj\u0119\u0107 sportowych rozpocz\u0105\u0142 si\u0119 drugi tydzie\u0144 Wakacji w Mie\u015bcie Uczniowski Kolarski Klub Sportowy Imielin Team, LKS Pogo\u0144, Stowarzyszenie Big Budo Polska, MKS COPCO Imielin &#8211; 1 liga siatk\u00f3wki kobiet, UKS Energia Imielin. FILM","_links":{"self":[{"href":"https:\/\/sp1.imielin.pl\/index.php\/wp-json\/wp\/v2\/posts\/19117","targetHints":{"allow":["GET"]}}],"collection":[{"href":"https:\/\/sp1.imielin.pl\/index.php\/wp-json\/wp\/v2\/posts"}],"about":[{"href":"https:\/\/sp1.imielin.pl\/index.php\/wp-json\/wp\/v2\/types\/post"}],"author":[{"embeddable":true,"href":"https:\/\/sp1.imielin.pl\/index.php\/wp-json\/wp\/v2\/users\/2"}],"replies":[{"embeddable":true,"href":"https:\/\/sp1.imielin.pl\/index.php\/wp-json\/wp\/v2\/comments?post=19117"}],"version-history":[{"count":0,"href":"https:\/\/sp1.imielin.pl\/index.php\/wp-json\/wp\/v2\/posts\/19117\/revisions"}],"wp:featuredmedia":[{"embeddable":true,"href":"https:\/\/sp1.imielin.pl\/index.php\/wp-json\/wp\/v2\/media\/19118"}],"wp:attachment":[{"href":"https:\/\/sp1.imielin.pl\/index.php\/wp-json\/wp\/v2\/media?parent=19117"}],"wp:term":[{"taxonomy":"category","embeddable":true,"href":"https:\/\/sp1.imielin.pl\/index.php\/wp-json\/wp\/v2\/categories?post=19117"},{"taxonomy":"post_tag","embeddable":true,"href":"https:\/\/sp1.imielin.pl\/index.php\/wp-json\/wp\/v2\/tags?post=19117"}],"curies":[{"name":"wp","href":"https:\/\/api.w.org\/{rel}","templated":true}]}}