{"id":19120,"date":"2024-07-09T15:23:38","date_gmt":"2024-07-09T13:23:38","guid":{"rendered":"http:\/\/www.sp1.imielin.pl\/?p=19120"},"modified":"2024-07-09T15:23:38","modified_gmt":"2024-07-09T13:23:38","slug":"wystep-naszej-uczennicy-na-dniach-imielina","status":"publish","type":"post","link":"https:\/\/sp1.imielin.pl\/index.php\/2024\/07\/09\/wystep-naszej-uczennicy-na-dniach-imielina\/","title":{"rendered":"Wyst\u0119p naszej uczennicy na Dniach Imielina"},"content":{"rendered":"<p>Z przyjemno\u015bci\u0105 prezentujemy wyst\u0119py naszej uczennicy \u0141ucji Mieszczanin podczas niedzielnych obchod\u00f3w Dni Imielina <\/p>\n<p><a href=\"https:\/\/www.facebook.com\/sp1.imielin\/videos\/287855134413245\">FILM1<\/a><\/p>\n<p><a href=\"https:\/\/www.facebook.com\/sp1.imielin\/videos\/497231162747828\">FILM2<\/a><\/p>\n<div class=\"pld-like-dislike-wrap pld-template-2\">\r\n    <div class=\"pld-like-wrap  pld-common-wrap\">\r\n    <a href=\"javascript:void(0)\" class=\"pld-like-trigger pld-like-dislike-trigger  \" title=\"\" data-post-id=\"19120\" data-trigger-type=\"like\" data-restriction=\"cookie\" data-already-liked=\"0\">\r\n                        <i class=\"fas fa-heart\"><\/i>\r\n                <\/a>\r\n    <span class=\"pld-like-count-wrap pld-count-wrap\">    <\/span>\r\n<\/div><\/div>","protected":false},"excerpt":{"rendered":"<p>Z przyjemno\u015bci\u0105 prezentujemy wyst\u0119py naszej uczennicy \u0141ucji Mieszczanin podczas niedzielnych obchod\u00f3w Dni Imielina FILM1 FILM2<\/p>\n","protected":false},"author":2,"featured_media":19121,"comment_status":"closed","ping_status":"closed","sticky":false,"template":"","format":"standard","meta":{"_uag_custom_page_level_css":"","footnotes":""},"categories":[5],"tags":[],"class_list":["post-19120","post","type-post","status-publish","format-standard","has-post-thumbnail","hentry","category-z-zycia-szkoly"],"uagb_featured_image_src":{"full":["https:\/\/sp1.imielin.pl\/wp-content\/uploads\/2024\/07\/jjhhg.png",727,381,false],"thumbnail":["https:\/\/sp1.imielin.pl\/wp-content\/uploads\/2024\/07\/jjhhg-150x150.png",150,150,true],"medium":["https:\/\/sp1.imielin.pl\/wp-content\/uploads\/2024\/07\/jjhhg-300x157.png",300,157,true],"medium_large":["https:\/\/sp1.imielin.pl\/wp-content\/uploads\/2024\/07\/jjhhg.png",525,275,false],"large":["https:\/\/sp1.imielin.pl\/wp-content\/uploads\/2024\/07\/jjhhg.png",525,275,false],"1536x1536":["https:\/\/sp1.imielin.pl\/wp-content\/uploads\/2024\/07\/jjhhg.png",727,381,false],"2048x2048":["https:\/\/sp1.imielin.pl\/wp-content\/uploads\/2024\/07\/jjhhg.png",727,381,false],"gurukul-education-featured-image":["https:\/\/sp1.imielin.pl\/wp-content\/uploads\/2024\/07\/jjhhg.png",727,381,false],"gurukul-education-thumbnail-avatar":["https:\/\/sp1.imielin.pl\/wp-content\/uploads\/2024\/07\/jjhhg-100x100.png",100,100,true]},"uagb_author_info":{"display_name":"Maria Habryka","author_link":"https:\/\/sp1.imielin.pl\/index.php\/author\/maria\/"},"uagb_comment_info":0,"uagb_excerpt":"Z przyjemno\u015bci\u0105 prezentujemy wyst\u0119py naszej uczennicy \u0141ucji Mieszczanin podczas niedzielnych obchod\u00f3w Dni Imielina FILM1 FILM2","_links":{"self":[{"href":"https:\/\/sp1.imielin.pl\/index.php\/wp-json\/wp\/v2\/posts\/19120","targetHints":{"allow":["GET"]}}],"collection":[{"href":"https:\/\/sp1.imielin.pl\/index.php\/wp-json\/wp\/v2\/posts"}],"about":[{"href":"https:\/\/sp1.imielin.pl\/index.php\/wp-json\/wp\/v2\/types\/post"}],"author":[{"embeddable":true,"href":"https:\/\/sp1.imielin.pl\/index.php\/wp-json\/wp\/v2\/users\/2"}],"replies":[{"embeddable":true,"href":"https:\/\/sp1.imielin.pl\/index.php\/wp-json\/wp\/v2\/comments?post=19120"}],"version-history":[{"count":0,"href":"https:\/\/sp1.imielin.pl\/index.php\/wp-json\/wp\/v2\/posts\/19120\/revisions"}],"wp:featuredmedia":[{"embeddable":true,"href":"https:\/\/sp1.imielin.pl\/index.php\/wp-json\/wp\/v2\/media\/19121"}],"wp:attachment":[{"href":"https:\/\/sp1.imielin.pl\/index.php\/wp-json\/wp\/v2\/media?parent=19120"}],"wp:term":[{"taxonomy":"category","embeddable":true,"href":"https:\/\/sp1.imielin.pl\/index.php\/wp-json\/wp\/v2\/categories?post=19120"},{"taxonomy":"post_tag","embeddable":true,"href":"https:\/\/sp1.imielin.pl\/index.php\/wp-json\/wp\/v2\/tags?post=19120"}],"curies":[{"name":"wp","href":"https:\/\/api.w.org\/{rel}","templated":true}]}}