{"id":19194,"date":"2024-09-02T15:12:54","date_gmt":"2024-09-02T13:12:54","guid":{"rendered":"http:\/\/www.sp1.imielin.pl\/?p=19194"},"modified":"2024-09-02T15:12:54","modified_gmt":"2024-09-02T13:12:54","slug":"inauguracja-roku-szkolnego-20242025","status":"publish","type":"post","link":"https:\/\/sp1.imielin.pl\/index.php\/2024\/09\/02\/inauguracja-roku-szkolnego-20242025\/","title":{"rendered":"Inauguracja roku szkolnego 2024\/2025"},"content":{"rendered":"<p>Rozpocz\u0119li\u015bmy nowy rok szkolny! Po uroczystym powitaniu przez pani\u0105 dyrektor uczniowie spotkali si\u0119 w salach ze swoimi wychowawcami, od kt\u00f3rych otrzymali plany zaj\u0119\u0107 oraz zestawy podr\u0119cznik\u00f3w.<br \/>\nDrodzy uczniowie, \u017cyczymy, aby nadchodz\u0105cy czas obfitowa\u0142 w wiele radosnych chwil i nowych edukacyjnych wyzwa\u0144, kt\u00f3rym z pewno\u015bci\u0105 sprostacie. Powodzenia!<\/p>\n<p><a href=\"https:\/\/www.facebook.com\/photo?fbid=1063161702242246&amp;set=pcb.1063167672241649\">FOTORELACJA\u00a0<\/a><\/p>\n<div class=\"pld-like-dislike-wrap pld-template-2\">\r\n    <div class=\"pld-like-wrap  pld-common-wrap\">\r\n    <a href=\"javascript:void(0)\" class=\"pld-like-trigger pld-like-dislike-trigger  \" title=\"\" data-post-id=\"19194\" data-trigger-type=\"like\" data-restriction=\"cookie\" data-already-liked=\"0\">\r\n                        <i class=\"fas fa-heart\"><\/i>\r\n                <\/a>\r\n    <span class=\"pld-like-count-wrap pld-count-wrap\">    <\/span>\r\n<\/div><\/div>","protected":false},"excerpt":{"rendered":"<p>Rozpocz\u0119li\u015bmy nowy rok szkolny! Po uroczystym powitaniu przez pani\u0105 dyrektor uczniowie spotkali si\u0119 w salach ze swoimi wychowawcami, od kt\u00f3rych otrzymali plany zaj\u0119\u0107 oraz zestawy podr\u0119cznik\u00f3w. Drodzy uczniowie, \u017cyczymy, aby nadchodz\u0105cy czas obfitowa\u0142 w wiele radosnych chwil i nowych edukacyjnych wyzwa\u0144, kt\u00f3rym z pewno\u015bci\u0105 sprostacie. Powodzenia! FOTORELACJA\u00a0<\/p>\n","protected":false},"author":2,"featured_media":19195,"comment_status":"closed","ping_status":"closed","sticky":false,"template":"","format":"standard","meta":{"_uag_custom_page_level_css":"","footnotes":""},"categories":[5],"tags":[],"class_list":["post-19194","post","type-post","status-publish","format-standard","has-post-thumbnail","hentry","category-z-zycia-szkoly"],"uagb_featured_image_src":{"full":["https:\/\/sp1.imielin.pl\/wp-content\/uploads\/2024\/09\/458259700_1063161588908924_1751735001581645266_n.jpg",512,342,false],"thumbnail":["https:\/\/sp1.imielin.pl\/wp-content\/uploads\/2024\/09\/458259700_1063161588908924_1751735001581645266_n-150x150.jpg",150,150,true],"medium":["https:\/\/sp1.imielin.pl\/wp-content\/uploads\/2024\/09\/458259700_1063161588908924_1751735001581645266_n-300x200.jpg",300,200,true],"medium_large":["https:\/\/sp1.imielin.pl\/wp-content\/uploads\/2024\/09\/458259700_1063161588908924_1751735001581645266_n.jpg",512,342,false],"large":["https:\/\/sp1.imielin.pl\/wp-content\/uploads\/2024\/09\/458259700_1063161588908924_1751735001581645266_n.jpg",512,342,false],"1536x1536":["https:\/\/sp1.imielin.pl\/wp-content\/uploads\/2024\/09\/458259700_1063161588908924_1751735001581645266_n.jpg",512,342,false],"2048x2048":["https:\/\/sp1.imielin.pl\/wp-content\/uploads\/2024\/09\/458259700_1063161588908924_1751735001581645266_n.jpg",512,342,false],"gurukul-education-featured-image":["https:\/\/sp1.imielin.pl\/wp-content\/uploads\/2024\/09\/458259700_1063161588908924_1751735001581645266_n.jpg",512,342,false],"gurukul-education-thumbnail-avatar":["https:\/\/sp1.imielin.pl\/wp-content\/uploads\/2024\/09\/458259700_1063161588908924_1751735001581645266_n-100x100.jpg",100,100,true]},"uagb_author_info":{"display_name":"Maria Habryka","author_link":"https:\/\/sp1.imielin.pl\/index.php\/author\/maria\/"},"uagb_comment_info":0,"uagb_excerpt":"Rozpocz\u0119li\u015bmy nowy rok szkolny! Po uroczystym powitaniu przez pani\u0105 dyrektor uczniowie spotkali si\u0119 w salach ze swoimi wychowawcami, od kt\u00f3rych otrzymali plany zaj\u0119\u0107 oraz zestawy podr\u0119cznik\u00f3w. Drodzy uczniowie, \u017cyczymy, aby nadchodz\u0105cy czas obfitowa\u0142 w wiele radosnych chwil i nowych edukacyjnych wyzwa\u0144, kt\u00f3rym z pewno\u015bci\u0105 sprostacie. Powodzenia! FOTORELACJA\u00a0","_links":{"self":[{"href":"https:\/\/sp1.imielin.pl\/index.php\/wp-json\/wp\/v2\/posts\/19194","targetHints":{"allow":["GET"]}}],"collection":[{"href":"https:\/\/sp1.imielin.pl\/index.php\/wp-json\/wp\/v2\/posts"}],"about":[{"href":"https:\/\/sp1.imielin.pl\/index.php\/wp-json\/wp\/v2\/types\/post"}],"author":[{"embeddable":true,"href":"https:\/\/sp1.imielin.pl\/index.php\/wp-json\/wp\/v2\/users\/2"}],"replies":[{"embeddable":true,"href":"https:\/\/sp1.imielin.pl\/index.php\/wp-json\/wp\/v2\/comments?post=19194"}],"version-history":[{"count":0,"href":"https:\/\/sp1.imielin.pl\/index.php\/wp-json\/wp\/v2\/posts\/19194\/revisions"}],"wp:featuredmedia":[{"embeddable":true,"href":"https:\/\/sp1.imielin.pl\/index.php\/wp-json\/wp\/v2\/media\/19195"}],"wp:attachment":[{"href":"https:\/\/sp1.imielin.pl\/index.php\/wp-json\/wp\/v2\/media?parent=19194"}],"wp:term":[{"taxonomy":"category","embeddable":true,"href":"https:\/\/sp1.imielin.pl\/index.php\/wp-json\/wp\/v2\/categories?post=19194"},{"taxonomy":"post_tag","embeddable":true,"href":"https:\/\/sp1.imielin.pl\/index.php\/wp-json\/wp\/v2\/tags?post=19194"}],"curies":[{"name":"wp","href":"https:\/\/api.w.org\/{rel}","templated":true}]}}