{"id":19212,"date":"2024-09-05T22:22:17","date_gmt":"2024-09-05T20:22:17","guid":{"rendered":"http:\/\/www.sp1.imielin.pl\/?p=19212"},"modified":"2024-09-05T22:22:17","modified_gmt":"2024-09-05T20:22:17","slug":"puszyste-nalesniki-dla-naszych-uczniow","status":"publish","type":"post","link":"https:\/\/sp1.imielin.pl\/index.php\/2024\/09\/05\/puszyste-nalesniki-dla-naszych-uczniow\/","title":{"rendered":"Puszyste nale\u015bniki dla naszych uczni\u00f3w"},"content":{"rendered":"<p style=\"text-align: justify;\">Dzi\u015b w jadalni serwowali\u015bmy przepyszne nale\u015bniki!  Na talerzach pojawi\u0142y si\u0119 puszyste, z\u0142ociste nale\u015bniki z dodatkami. Mamy nadziej\u0119, \u017ce wszystkim smakowa\u0142o i \u017ce ten dzie\u0144 by\u0142 lepszy dzi\u0119ki pysznemu posi\u0142kowi! <\/p>\n<p style=\"text-align: justify;\"><a href=\"https:\/\/www.facebook.com\/photo\/?fbid=1065370495354700&amp;set=pcb.1065371242021292\">FOTORELACJA\u00a0<\/a><\/p>\n<div class=\"pld-like-dislike-wrap pld-template-2\">\r\n    <div class=\"pld-like-wrap  pld-common-wrap\">\r\n    <a href=\"javascript:void(0)\" class=\"pld-like-trigger pld-like-dislike-trigger  \" title=\"\" data-post-id=\"19212\" data-trigger-type=\"like\" data-restriction=\"cookie\" data-already-liked=\"0\">\r\n                        <i class=\"fas fa-heart\"><\/i>\r\n                <\/a>\r\n    <span class=\"pld-like-count-wrap pld-count-wrap\">    <\/span>\r\n<\/div><\/div>","protected":false},"excerpt":{"rendered":"<p>Dzi\u015b w jadalni serwowali\u015bmy przepyszne nale\u015bniki! Na talerzach pojawi\u0142y si\u0119 puszyste, z\u0142ociste nale\u015bniki z dodatkami. Mamy nadziej\u0119, \u017ce wszystkim smakowa\u0142o i \u017ce ten dzie\u0144 by\u0142 lepszy dzi\u0119ki pysznemu posi\u0142kowi! FOTORELACJA\u00a0<\/p>\n","protected":false},"author":2,"featured_media":19213,"comment_status":"closed","ping_status":"closed","sticky":false,"template":"","format":"standard","meta":{"_uag_custom_page_level_css":"","footnotes":""},"categories":[5],"tags":[],"class_list":["post-19212","post","type-post","status-publish","format-standard","has-post-thumbnail","hentry","category-z-zycia-szkoly"],"uagb_featured_image_src":{"full":["https:\/\/sp1.imielin.pl\/wp-content\/uploads\/2024\/09\/458514201_1065371645354585_901270818601107076_n-1.jpg",640,480,false],"thumbnail":["https:\/\/sp1.imielin.pl\/wp-content\/uploads\/2024\/09\/458514201_1065371645354585_901270818601107076_n-1-150x150.jpg",150,150,true],"medium":["https:\/\/sp1.imielin.pl\/wp-content\/uploads\/2024\/09\/458514201_1065371645354585_901270818601107076_n-1-300x225.jpg",300,225,true],"medium_large":["https:\/\/sp1.imielin.pl\/wp-content\/uploads\/2024\/09\/458514201_1065371645354585_901270818601107076_n-1.jpg",525,394,false],"large":["https:\/\/sp1.imielin.pl\/wp-content\/uploads\/2024\/09\/458514201_1065371645354585_901270818601107076_n-1.jpg",525,394,false],"1536x1536":["https:\/\/sp1.imielin.pl\/wp-content\/uploads\/2024\/09\/458514201_1065371645354585_901270818601107076_n-1.jpg",640,480,false],"2048x2048":["https:\/\/sp1.imielin.pl\/wp-content\/uploads\/2024\/09\/458514201_1065371645354585_901270818601107076_n-1.jpg",640,480,false],"gurukul-education-featured-image":["https:\/\/sp1.imielin.pl\/wp-content\/uploads\/2024\/09\/458514201_1065371645354585_901270818601107076_n-1.jpg",640,480,false],"gurukul-education-thumbnail-avatar":["https:\/\/sp1.imielin.pl\/wp-content\/uploads\/2024\/09\/458514201_1065371645354585_901270818601107076_n-1-100x100.jpg",100,100,true]},"uagb_author_info":{"display_name":"Maria Habryka","author_link":"https:\/\/sp1.imielin.pl\/index.php\/author\/maria\/"},"uagb_comment_info":0,"uagb_excerpt":"Dzi\u015b w jadalni serwowali\u015bmy przepyszne nale\u015bniki! Na talerzach pojawi\u0142y si\u0119 puszyste, z\u0142ociste nale\u015bniki z dodatkami. Mamy nadziej\u0119, \u017ce wszystkim smakowa\u0142o i \u017ce ten dzie\u0144 by\u0142 lepszy dzi\u0119ki pysznemu posi\u0142kowi! FOTORELACJA\u00a0","_links":{"self":[{"href":"https:\/\/sp1.imielin.pl\/index.php\/wp-json\/wp\/v2\/posts\/19212","targetHints":{"allow":["GET"]}}],"collection":[{"href":"https:\/\/sp1.imielin.pl\/index.php\/wp-json\/wp\/v2\/posts"}],"about":[{"href":"https:\/\/sp1.imielin.pl\/index.php\/wp-json\/wp\/v2\/types\/post"}],"author":[{"embeddable":true,"href":"https:\/\/sp1.imielin.pl\/index.php\/wp-json\/wp\/v2\/users\/2"}],"replies":[{"embeddable":true,"href":"https:\/\/sp1.imielin.pl\/index.php\/wp-json\/wp\/v2\/comments?post=19212"}],"version-history":[{"count":0,"href":"https:\/\/sp1.imielin.pl\/index.php\/wp-json\/wp\/v2\/posts\/19212\/revisions"}],"wp:featuredmedia":[{"embeddable":true,"href":"https:\/\/sp1.imielin.pl\/index.php\/wp-json\/wp\/v2\/media\/19213"}],"wp:attachment":[{"href":"https:\/\/sp1.imielin.pl\/index.php\/wp-json\/wp\/v2\/media?parent=19212"}],"wp:term":[{"taxonomy":"category","embeddable":true,"href":"https:\/\/sp1.imielin.pl\/index.php\/wp-json\/wp\/v2\/categories?post=19212"},{"taxonomy":"post_tag","embeddable":true,"href":"https:\/\/sp1.imielin.pl\/index.php\/wp-json\/wp\/v2\/tags?post=19212"}],"curies":[{"name":"wp","href":"https:\/\/api.w.org\/{rel}","templated":true}]}}