{"id":19253,"date":"2024-09-11T21:12:50","date_gmt":"2024-09-11T19:12:50","guid":{"rendered":"http:\/\/www.sp1.imielin.pl\/?p=19253"},"modified":"2024-09-11T21:12:50","modified_gmt":"2024-09-11T19:12:50","slug":"korzystamy-z-canvy","status":"publish","type":"post","link":"https:\/\/sp1.imielin.pl\/index.php\/2024\/09\/11\/korzystamy-z-canvy\/","title":{"rendered":"Korzystamy z Canvy"},"content":{"rendered":"<p style=\"text-align: justify;\">W ramach programu Erasmus plus w naszej szkole nauczyciele wzbogacaj\u0105 sw\u00f3j warsztat pracy przy wykorzystaniu narz\u0119dzi TIK. Canva jest dla nas \u015bwietnym wsparciem przy tworzeniu materia\u0142\u00f3w dydaktycznych dla uczni\u00f3w, ale r\u00f3wnie\u017c &#8211; skoro nowy rok szkolny rozpocz\u0119ty &#8211; Przedmiotowych Zasad Oceniania w nowej szacie graficznej<br \/>\n#THINK GLOBAL ACT LOCAL 2023-1-PL01-KA122-SCH-000129845 Dofinansowane przez Uni\u0119 Europejsk\u0105#<\/p>\n<p style=\"text-align: justify;\"><a href=\"https:\/\/www.facebook.com\/photo?fbid=1069584108266672&amp;set=pcb.1069584228266660\">FOTORELACJA\u00a0<\/a><\/p>\n<div class=\"pld-like-dislike-wrap pld-template-2\">\r\n    <div class=\"pld-like-wrap  pld-common-wrap\">\r\n    <a href=\"javascript:void(0)\" class=\"pld-like-trigger pld-like-dislike-trigger  \" title=\"\" data-post-id=\"19253\" data-trigger-type=\"like\" data-restriction=\"cookie\" data-already-liked=\"0\">\r\n                        <i class=\"fas fa-heart\"><\/i>\r\n                <\/a>\r\n    <span class=\"pld-like-count-wrap pld-count-wrap\">    <\/span>\r\n<\/div><\/div>","protected":false},"excerpt":{"rendered":"<p>W ramach programu Erasmus plus w naszej szkole nauczyciele wzbogacaj\u0105 sw\u00f3j warsztat pracy przy wykorzystaniu narz\u0119dzi TIK. Canva jest dla nas \u015bwietnym wsparciem przy tworzeniu materia\u0142\u00f3w dydaktycznych dla uczni\u00f3w, ale r\u00f3wnie\u017c &#8211; skoro nowy rok szkolny rozpocz\u0119ty &#8211; Przedmiotowych Zasad Oceniania w nowej szacie graficznej #THINK GLOBAL ACT LOCAL 2023-1-PL01-KA122-SCH-000129845 Dofinansowane przez Uni\u0119 Europejsk\u0105# FOTORELACJA\u00a0<\/p>\n","protected":false},"author":2,"featured_media":19254,"comment_status":"closed","ping_status":"closed","sticky":false,"template":"","format":"standard","meta":{"_uag_custom_page_level_css":"","footnotes":""},"categories":[5],"tags":[],"class_list":["post-19253","post","type-post","status-publish","format-standard","has-post-thumbnail","hentry","category-z-zycia-szkoly"],"uagb_featured_image_src":{"full":["https:\/\/sp1.imielin.pl\/wp-content\/uploads\/2024\/09\/gfff.png",633,378,false],"thumbnail":["https:\/\/sp1.imielin.pl\/wp-content\/uploads\/2024\/09\/gfff-150x150.png",150,150,true],"medium":["https:\/\/sp1.imielin.pl\/wp-content\/uploads\/2024\/09\/gfff-300x179.png",300,179,true],"medium_large":["https:\/\/sp1.imielin.pl\/wp-content\/uploads\/2024\/09\/gfff.png",525,314,false],"large":["https:\/\/sp1.imielin.pl\/wp-content\/uploads\/2024\/09\/gfff.png",525,314,false],"1536x1536":["https:\/\/sp1.imielin.pl\/wp-content\/uploads\/2024\/09\/gfff.png",633,378,false],"2048x2048":["https:\/\/sp1.imielin.pl\/wp-content\/uploads\/2024\/09\/gfff.png",633,378,false],"gurukul-education-featured-image":["https:\/\/sp1.imielin.pl\/wp-content\/uploads\/2024\/09\/gfff.png",633,378,false],"gurukul-education-thumbnail-avatar":["https:\/\/sp1.imielin.pl\/wp-content\/uploads\/2024\/09\/gfff-100x100.png",100,100,true]},"uagb_author_info":{"display_name":"Maria Habryka","author_link":"https:\/\/sp1.imielin.pl\/index.php\/author\/maria\/"},"uagb_comment_info":0,"uagb_excerpt":"W ramach programu Erasmus plus w naszej szkole nauczyciele wzbogacaj\u0105 sw\u00f3j warsztat pracy przy wykorzystaniu narz\u0119dzi TIK. Canva jest dla nas \u015bwietnym wsparciem przy tworzeniu materia\u0142\u00f3w dydaktycznych dla uczni\u00f3w, ale r\u00f3wnie\u017c &#8211; skoro nowy rok szkolny rozpocz\u0119ty &#8211; Przedmiotowych Zasad Oceniania w nowej szacie graficznej #THINK GLOBAL ACT LOCAL 2023-1-PL01-KA122-SCH-000129845 Dofinansowane przez Uni\u0119 Europejsk\u0105# FOTORELACJA\u00a0","_links":{"self":[{"href":"https:\/\/sp1.imielin.pl\/index.php\/wp-json\/wp\/v2\/posts\/19253","targetHints":{"allow":["GET"]}}],"collection":[{"href":"https:\/\/sp1.imielin.pl\/index.php\/wp-json\/wp\/v2\/posts"}],"about":[{"href":"https:\/\/sp1.imielin.pl\/index.php\/wp-json\/wp\/v2\/types\/post"}],"author":[{"embeddable":true,"href":"https:\/\/sp1.imielin.pl\/index.php\/wp-json\/wp\/v2\/users\/2"}],"replies":[{"embeddable":true,"href":"https:\/\/sp1.imielin.pl\/index.php\/wp-json\/wp\/v2\/comments?post=19253"}],"version-history":[{"count":0,"href":"https:\/\/sp1.imielin.pl\/index.php\/wp-json\/wp\/v2\/posts\/19253\/revisions"}],"wp:featuredmedia":[{"embeddable":true,"href":"https:\/\/sp1.imielin.pl\/index.php\/wp-json\/wp\/v2\/media\/19254"}],"wp:attachment":[{"href":"https:\/\/sp1.imielin.pl\/index.php\/wp-json\/wp\/v2\/media?parent=19253"}],"wp:term":[{"taxonomy":"category","embeddable":true,"href":"https:\/\/sp1.imielin.pl\/index.php\/wp-json\/wp\/v2\/categories?post=19253"},{"taxonomy":"post_tag","embeddable":true,"href":"https:\/\/sp1.imielin.pl\/index.php\/wp-json\/wp\/v2\/tags?post=19253"}],"curies":[{"name":"wp","href":"https:\/\/api.w.org\/{rel}","templated":true}]}}