{"id":19299,"date":"2024-09-20T20:35:16","date_gmt":"2024-09-20T18:35:16","guid":{"rendered":"http:\/\/www.sp1.imielin.pl\/?p=19299"},"modified":"2024-09-20T20:35:16","modified_gmt":"2024-09-20T18:35:16","slug":"sprzatanie-swiata-2024","status":"publish","type":"post","link":"https:\/\/sp1.imielin.pl\/index.php\/2024\/09\/20\/sprzatanie-swiata-2024\/","title":{"rendered":"Sprz\u0105tanie \u015awiata 2024"},"content":{"rendered":"<p style=\"text-align: justify;\">Klasy czwarte wraz z wychowawcami bra\u0142y udzia\u0142 w og\u00f3lnopolskiej akcji \u201eSprz\u0105tania \u015awiata\u201d. W tym roku has\u0142em akcji s\u0105 s\u0142owa \u201eNa stra\u017cy czystej Ziemi\u201d. W ramach akcji w naszym mie\u015bcie sprz\u0105tane, nast\u0119pnie segregowane by\u0142y \u015bmieci z lasu wok\u00f3\u0142 Zalewu Imieli\u0144skiego. Nast\u0119pnie po sko\u0144czeniu prac by\u0142 czas na przyjemno\u015b\u0107. Na polu biwakowym nad zalewem mia\u0142a miejsce integracja klas przy ognisku (pieczenie kie\u0142basek) oraz gry ruchowe z pi\u0142k\u0105, pl\u0105sy przy muzyce. Czas szybko nam up\u0142yn\u0105\u0142 bardzo rado\u015bnie. W dobrych humorach udali\u015bmy si\u0119 w kierunku szko\u0142y, a nast\u0119pnie do dom\u00f3w.<\/p>\n<p style=\"text-align: justify;\"><a href=\"https:\/\/www.facebook.com\/photo\/?fbid=1076288307596252&amp;set=pcb.1076289420929474\">FOTORELACJA\u00a0<\/a><\/p>\n<div class=\"pld-like-dislike-wrap pld-template-2\">\r\n    <div class=\"pld-like-wrap  pld-common-wrap\">\r\n    <a href=\"javascript:void(0)\" class=\"pld-like-trigger pld-like-dislike-trigger  \" title=\"\" data-post-id=\"19299\" data-trigger-type=\"like\" data-restriction=\"cookie\" data-already-liked=\"0\">\r\n                        <i class=\"fas fa-heart\"><\/i>\r\n                <\/a>\r\n    <span class=\"pld-like-count-wrap pld-count-wrap\">    <\/span>\r\n<\/div><\/div>","protected":false},"excerpt":{"rendered":"<p>Klasy czwarte wraz z wychowawcami bra\u0142y udzia\u0142 w og\u00f3lnopolskiej akcji \u201eSprz\u0105tania \u015awiata\u201d. W tym roku has\u0142em akcji s\u0105 s\u0142owa \u201eNa stra\u017cy czystej Ziemi\u201d. W ramach akcji w naszym mie\u015bcie sprz\u0105tane, nast\u0119pnie segregowane by\u0142y \u015bmieci z lasu wok\u00f3\u0142 Zalewu Imieli\u0144skiego. Nast\u0119pnie po sko\u0144czeniu prac by\u0142 czas na przyjemno\u015b\u0107. Na polu biwakowym nad zalewem mia\u0142a miejsce integracja [&hellip;]<\/p>\n","protected":false},"author":2,"featured_media":19300,"comment_status":"closed","ping_status":"closed","sticky":false,"template":"","format":"standard","meta":{"_uag_custom_page_level_css":"","footnotes":""},"categories":[5],"tags":[],"class_list":["post-19299","post","type-post","status-publish","format-standard","has-post-thumbnail","hentry","category-z-zycia-szkoly"],"uagb_featured_image_src":{"full":["https:\/\/sp1.imielin.pl\/wp-content\/uploads\/2024\/09\/460668923_1076289907596092_9200549879972298443_n.jpg",640,480,false],"thumbnail":["https:\/\/sp1.imielin.pl\/wp-content\/uploads\/2024\/09\/460668923_1076289907596092_9200549879972298443_n-150x150.jpg",150,150,true],"medium":["https:\/\/sp1.imielin.pl\/wp-content\/uploads\/2024\/09\/460668923_1076289907596092_9200549879972298443_n-300x225.jpg",300,225,true],"medium_large":["https:\/\/sp1.imielin.pl\/wp-content\/uploads\/2024\/09\/460668923_1076289907596092_9200549879972298443_n.jpg",525,394,false],"large":["https:\/\/sp1.imielin.pl\/wp-content\/uploads\/2024\/09\/460668923_1076289907596092_9200549879972298443_n.jpg",525,394,false],"1536x1536":["https:\/\/sp1.imielin.pl\/wp-content\/uploads\/2024\/09\/460668923_1076289907596092_9200549879972298443_n.jpg",640,480,false],"2048x2048":["https:\/\/sp1.imielin.pl\/wp-content\/uploads\/2024\/09\/460668923_1076289907596092_9200549879972298443_n.jpg",640,480,false],"gurukul-education-featured-image":["https:\/\/sp1.imielin.pl\/wp-content\/uploads\/2024\/09\/460668923_1076289907596092_9200549879972298443_n.jpg",640,480,false],"gurukul-education-thumbnail-avatar":["https:\/\/sp1.imielin.pl\/wp-content\/uploads\/2024\/09\/460668923_1076289907596092_9200549879972298443_n-100x100.jpg",100,100,true]},"uagb_author_info":{"display_name":"Maria Habryka","author_link":"https:\/\/sp1.imielin.pl\/index.php\/author\/maria\/"},"uagb_comment_info":0,"uagb_excerpt":"Klasy czwarte wraz z wychowawcami bra\u0142y udzia\u0142 w og\u00f3lnopolskiej akcji \u201eSprz\u0105tania \u015awiata\u201d. W tym roku has\u0142em akcji s\u0105 s\u0142owa \u201eNa stra\u017cy czystej Ziemi\u201d. W ramach akcji w naszym mie\u015bcie sprz\u0105tane, nast\u0119pnie segregowane by\u0142y \u015bmieci z lasu wok\u00f3\u0142 Zalewu Imieli\u0144skiego. Nast\u0119pnie po sko\u0144czeniu prac by\u0142 czas na przyjemno\u015b\u0107. Na polu biwakowym nad zalewem mia\u0142a miejsce integracja&hellip;","_links":{"self":[{"href":"https:\/\/sp1.imielin.pl\/index.php\/wp-json\/wp\/v2\/posts\/19299","targetHints":{"allow":["GET"]}}],"collection":[{"href":"https:\/\/sp1.imielin.pl\/index.php\/wp-json\/wp\/v2\/posts"}],"about":[{"href":"https:\/\/sp1.imielin.pl\/index.php\/wp-json\/wp\/v2\/types\/post"}],"author":[{"embeddable":true,"href":"https:\/\/sp1.imielin.pl\/index.php\/wp-json\/wp\/v2\/users\/2"}],"replies":[{"embeddable":true,"href":"https:\/\/sp1.imielin.pl\/index.php\/wp-json\/wp\/v2\/comments?post=19299"}],"version-history":[{"count":0,"href":"https:\/\/sp1.imielin.pl\/index.php\/wp-json\/wp\/v2\/posts\/19299\/revisions"}],"wp:featuredmedia":[{"embeddable":true,"href":"https:\/\/sp1.imielin.pl\/index.php\/wp-json\/wp\/v2\/media\/19300"}],"wp:attachment":[{"href":"https:\/\/sp1.imielin.pl\/index.php\/wp-json\/wp\/v2\/media?parent=19299"}],"wp:term":[{"taxonomy":"category","embeddable":true,"href":"https:\/\/sp1.imielin.pl\/index.php\/wp-json\/wp\/v2\/categories?post=19299"},{"taxonomy":"post_tag","embeddable":true,"href":"https:\/\/sp1.imielin.pl\/index.php\/wp-json\/wp\/v2\/tags?post=19299"}],"curies":[{"name":"wp","href":"https:\/\/api.w.org\/{rel}","templated":true}]}}