{"id":19308,"date":"2024-09-24T21:15:32","date_gmt":"2024-09-24T19:15:32","guid":{"rendered":"http:\/\/www.sp1.imielin.pl\/?p=19308"},"modified":"2024-09-24T21:15:32","modified_gmt":"2024-09-24T19:15:32","slug":"jesien-zawitala-do-naszej-szkoly","status":"publish","type":"post","link":"https:\/\/sp1.imielin.pl\/index.php\/2024\/09\/24\/jesien-zawitala-do-naszej-szkoly\/","title":{"rendered":"Jesie\u0144 zawita\u0142a do naszej szko\u0142y!"},"content":{"rendered":"<p style=\"text-align: justify;\">Kolorowe li\u015bcie szeleszcz\u0105 pod stopami, a drzewa w naszym otoczeniu maluj\u0105 si\u0119 w ciep\u0142ych, jesiennych barwach. To wyj\u0105tkowy czas, w kt\u00f3rym przyroda zachwyca swoimi kolorami, a my wykorzystujemy te inspiracje w codziennych dzia\u0142aniach!<br \/>\nDzi\u0119kujemy firmie MAWIT &#8211; Domy drewniane za przekazanie nam darmowej kory, kt\u00f3ra pos\u0142u\u017cy naszym uczniom do wielu kreatywnych prac. Dzi\u0119ki Wam dzieci b\u0119d\u0105 mog\u0142y jeszcze lepiej odkrywa\u0107 uroki tej pi\u0119knej pory roku i rozwija\u0107 swoje talenty!<\/p>\n<p style=\"text-align: justify;\"><a href=\"https:\/\/www.facebook.com\/sp1.imielin\/videos\/520327590944847\">FILM\u00a0<\/a><\/p>\n<div class=\"pld-like-dislike-wrap pld-template-2\">\r\n    <div class=\"pld-like-wrap  pld-common-wrap\">\r\n    <a href=\"javascript:void(0)\" class=\"pld-like-trigger pld-like-dislike-trigger  \" title=\"\" data-post-id=\"19308\" data-trigger-type=\"like\" data-restriction=\"cookie\" data-already-liked=\"0\">\r\n                        <i class=\"fas fa-heart\"><\/i>\r\n                <\/a>\r\n    <span class=\"pld-like-count-wrap pld-count-wrap\">    <\/span>\r\n<\/div><\/div>","protected":false},"excerpt":{"rendered":"<p>Kolorowe li\u015bcie szeleszcz\u0105 pod stopami, a drzewa w naszym otoczeniu maluj\u0105 si\u0119 w ciep\u0142ych, jesiennych barwach. To wyj\u0105tkowy czas, w kt\u00f3rym przyroda zachwyca swoimi kolorami, a my wykorzystujemy te inspiracje w codziennych dzia\u0142aniach! Dzi\u0119kujemy firmie MAWIT &#8211; Domy drewniane za przekazanie nam darmowej kory, kt\u00f3ra pos\u0142u\u017cy naszym uczniom do wielu kreatywnych prac. Dzi\u0119ki Wam dzieci [&hellip;]<\/p>\n","protected":false},"author":2,"featured_media":19309,"comment_status":"closed","ping_status":"closed","sticky":false,"template":"","format":"standard","meta":{"_uag_custom_page_level_css":"","footnotes":""},"categories":[5],"tags":[],"class_list":["post-19308","post","type-post","status-publish","format-standard","has-post-thumbnail","hentry","category-z-zycia-szkoly"],"uagb_featured_image_src":{"full":["https:\/\/sp1.imielin.pl\/wp-content\/uploads\/2024\/09\/gee.png",352,263,false],"thumbnail":["https:\/\/sp1.imielin.pl\/wp-content\/uploads\/2024\/09\/gee-150x150.png",150,150,true],"medium":["https:\/\/sp1.imielin.pl\/wp-content\/uploads\/2024\/09\/gee-300x224.png",300,224,true],"medium_large":["https:\/\/sp1.imielin.pl\/wp-content\/uploads\/2024\/09\/gee.png",352,263,false],"large":["https:\/\/sp1.imielin.pl\/wp-content\/uploads\/2024\/09\/gee.png",352,263,false],"1536x1536":["https:\/\/sp1.imielin.pl\/wp-content\/uploads\/2024\/09\/gee.png",352,263,false],"2048x2048":["https:\/\/sp1.imielin.pl\/wp-content\/uploads\/2024\/09\/gee.png",352,263,false],"gurukul-education-featured-image":["https:\/\/sp1.imielin.pl\/wp-content\/uploads\/2024\/09\/gee.png",352,263,false],"gurukul-education-thumbnail-avatar":["https:\/\/sp1.imielin.pl\/wp-content\/uploads\/2024\/09\/gee-100x100.png",100,100,true]},"uagb_author_info":{"display_name":"Maria Habryka","author_link":"https:\/\/sp1.imielin.pl\/index.php\/author\/maria\/"},"uagb_comment_info":0,"uagb_excerpt":"Kolorowe li\u015bcie szeleszcz\u0105 pod stopami, a drzewa w naszym otoczeniu maluj\u0105 si\u0119 w ciep\u0142ych, jesiennych barwach. To wyj\u0105tkowy czas, w kt\u00f3rym przyroda zachwyca swoimi kolorami, a my wykorzystujemy te inspiracje w codziennych dzia\u0142aniach! Dzi\u0119kujemy firmie MAWIT &#8211; Domy drewniane za przekazanie nam darmowej kory, kt\u00f3ra pos\u0142u\u017cy naszym uczniom do wielu kreatywnych prac. Dzi\u0119ki Wam dzieci&hellip;","_links":{"self":[{"href":"https:\/\/sp1.imielin.pl\/index.php\/wp-json\/wp\/v2\/posts\/19308","targetHints":{"allow":["GET"]}}],"collection":[{"href":"https:\/\/sp1.imielin.pl\/index.php\/wp-json\/wp\/v2\/posts"}],"about":[{"href":"https:\/\/sp1.imielin.pl\/index.php\/wp-json\/wp\/v2\/types\/post"}],"author":[{"embeddable":true,"href":"https:\/\/sp1.imielin.pl\/index.php\/wp-json\/wp\/v2\/users\/2"}],"replies":[{"embeddable":true,"href":"https:\/\/sp1.imielin.pl\/index.php\/wp-json\/wp\/v2\/comments?post=19308"}],"version-history":[{"count":0,"href":"https:\/\/sp1.imielin.pl\/index.php\/wp-json\/wp\/v2\/posts\/19308\/revisions"}],"wp:featuredmedia":[{"embeddable":true,"href":"https:\/\/sp1.imielin.pl\/index.php\/wp-json\/wp\/v2\/media\/19309"}],"wp:attachment":[{"href":"https:\/\/sp1.imielin.pl\/index.php\/wp-json\/wp\/v2\/media?parent=19308"}],"wp:term":[{"taxonomy":"category","embeddable":true,"href":"https:\/\/sp1.imielin.pl\/index.php\/wp-json\/wp\/v2\/categories?post=19308"},{"taxonomy":"post_tag","embeddable":true,"href":"https:\/\/sp1.imielin.pl\/index.php\/wp-json\/wp\/v2\/tags?post=19308"}],"curies":[{"name":"wp","href":"https:\/\/api.w.org\/{rel}","templated":true}]}}