{"id":19318,"date":"2024-09-25T17:40:44","date_gmt":"2024-09-25T15:40:44","guid":{"rendered":"http:\/\/www.sp1.imielin.pl\/?p=19318"},"modified":"2024-09-25T17:40:44","modified_gmt":"2024-09-25T15:40:44","slug":"probny-alarm-pozarowy-i-ewakuacja-w-naszej-szkole","status":"publish","type":"post","link":"https:\/\/sp1.imielin.pl\/index.php\/2024\/09\/25\/probny-alarm-pozarowy-i-ewakuacja-w-naszej-szkole\/","title":{"rendered":"Pr\u00f3bny alarm po\u017carowy i ewakuacja w naszej szkole!"},"content":{"rendered":"<p>Dzi\u015b nasza szko\u0142a po raz kolejny pokaza\u0142a, \u017ce bezpiecze\u0144stwo to priorytet!  Wsp\u00f3lnie z Ochotnicz\u0105 Stra\u017c\u0105 Po\u017carn\u0105 z Imielina przeprowadzili\u015bmy pr\u00f3bny alarm po\u017carowy po\u0142\u0105czony z ewakuacj\u0105 uczni\u00f3w, nauczycieli i pracownik\u00f3w.<br \/>\n Celem? U\u015bwiadomi\u0107 wszystkim, jak reagowa\u0107 w sytuacjach zagro\u017cenia. Ca\u0142a akcja przebieg\u0142a b\u0142yskawicznie i bez problem\u00f3w, a uczniowie doskonale poradzili sobie z zadaniem!<br \/>\n\u200d\u2642\ufe0f Wielkie podzi\u0119kowania dla OSP Imielin \u2013 jeste\u015bcie niezast\u0105pieni! \u200d Zawsze mo\u017cemy na Was liczy\u0107.<br \/>\n\u200d Pami\u0119tajcie \u2013 \u0107wiczenia to klucz do bezpiecze\u0144stwa.<\/p>\n<p><a href=\"https:\/\/www.facebook.com\/sp1.imielin\/videos\/1672962773466427\">FILM\u00a0<\/a><\/p>\n<div class=\"pld-like-dislike-wrap pld-template-2\">\r\n    <div class=\"pld-like-wrap  pld-common-wrap\">\r\n    <a href=\"javascript:void(0)\" class=\"pld-like-trigger pld-like-dislike-trigger  \" title=\"\" data-post-id=\"19318\" data-trigger-type=\"like\" data-restriction=\"cookie\" data-already-liked=\"0\">\r\n                        <i class=\"fas fa-heart\"><\/i>\r\n                <\/a>\r\n    <span class=\"pld-like-count-wrap pld-count-wrap\">    <\/span>\r\n<\/div><\/div>","protected":false},"excerpt":{"rendered":"<p>Dzi\u015b nasza szko\u0142a po raz kolejny pokaza\u0142a, \u017ce bezpiecze\u0144stwo to priorytet! Wsp\u00f3lnie z Ochotnicz\u0105 Stra\u017c\u0105 Po\u017carn\u0105 z Imielina przeprowadzili\u015bmy pr\u00f3bny alarm po\u017carowy po\u0142\u0105czony z ewakuacj\u0105 uczni\u00f3w, nauczycieli i pracownik\u00f3w. Celem? U\u015bwiadomi\u0107 wszystkim, jak reagowa\u0107 w sytuacjach zagro\u017cenia. Ca\u0142a akcja przebieg\u0142a b\u0142yskawicznie i bez problem\u00f3w, a uczniowie doskonale poradzili sobie z zadaniem! \u200d\u2642\ufe0f Wielkie podzi\u0119kowania dla [&hellip;]<\/p>\n","protected":false},"author":2,"featured_media":19319,"comment_status":"closed","ping_status":"closed","sticky":false,"template":"","format":"standard","meta":{"_uag_custom_page_level_css":"","footnotes":""},"categories":[5],"tags":[],"class_list":["post-19318","post","type-post","status-publish","format-standard","has-post-thumbnail","hentry","category-z-zycia-szkoly"],"uagb_featured_image_src":{"full":["https:\/\/sp1.imielin.pl\/wp-content\/uploads\/2024\/09\/treee.png",731,368,false],"thumbnail":["https:\/\/sp1.imielin.pl\/wp-content\/uploads\/2024\/09\/treee-150x150.png",150,150,true],"medium":["https:\/\/sp1.imielin.pl\/wp-content\/uploads\/2024\/09\/treee-300x151.png",300,151,true],"medium_large":["https:\/\/sp1.imielin.pl\/wp-content\/uploads\/2024\/09\/treee.png",525,264,false],"large":["https:\/\/sp1.imielin.pl\/wp-content\/uploads\/2024\/09\/treee.png",525,264,false],"1536x1536":["https:\/\/sp1.imielin.pl\/wp-content\/uploads\/2024\/09\/treee.png",731,368,false],"2048x2048":["https:\/\/sp1.imielin.pl\/wp-content\/uploads\/2024\/09\/treee.png",731,368,false],"gurukul-education-featured-image":["https:\/\/sp1.imielin.pl\/wp-content\/uploads\/2024\/09\/treee.png",731,368,false],"gurukul-education-thumbnail-avatar":["https:\/\/sp1.imielin.pl\/wp-content\/uploads\/2024\/09\/treee-100x100.png",100,100,true]},"uagb_author_info":{"display_name":"Maria Habryka","author_link":"https:\/\/sp1.imielin.pl\/index.php\/author\/maria\/"},"uagb_comment_info":0,"uagb_excerpt":"Dzi\u015b nasza szko\u0142a po raz kolejny pokaza\u0142a, \u017ce bezpiecze\u0144stwo to priorytet! Wsp\u00f3lnie z Ochotnicz\u0105 Stra\u017c\u0105 Po\u017carn\u0105 z Imielina przeprowadzili\u015bmy pr\u00f3bny alarm po\u017carowy po\u0142\u0105czony z ewakuacj\u0105 uczni\u00f3w, nauczycieli i pracownik\u00f3w. Celem? U\u015bwiadomi\u0107 wszystkim, jak reagowa\u0107 w sytuacjach zagro\u017cenia. Ca\u0142a akcja przebieg\u0142a b\u0142yskawicznie i bez problem\u00f3w, a uczniowie doskonale poradzili sobie z zadaniem! \u200d\u2642\ufe0f Wielkie podzi\u0119kowania dla&hellip;","_links":{"self":[{"href":"https:\/\/sp1.imielin.pl\/index.php\/wp-json\/wp\/v2\/posts\/19318","targetHints":{"allow":["GET"]}}],"collection":[{"href":"https:\/\/sp1.imielin.pl\/index.php\/wp-json\/wp\/v2\/posts"}],"about":[{"href":"https:\/\/sp1.imielin.pl\/index.php\/wp-json\/wp\/v2\/types\/post"}],"author":[{"embeddable":true,"href":"https:\/\/sp1.imielin.pl\/index.php\/wp-json\/wp\/v2\/users\/2"}],"replies":[{"embeddable":true,"href":"https:\/\/sp1.imielin.pl\/index.php\/wp-json\/wp\/v2\/comments?post=19318"}],"version-history":[{"count":0,"href":"https:\/\/sp1.imielin.pl\/index.php\/wp-json\/wp\/v2\/posts\/19318\/revisions"}],"wp:featuredmedia":[{"embeddable":true,"href":"https:\/\/sp1.imielin.pl\/index.php\/wp-json\/wp\/v2\/media\/19319"}],"wp:attachment":[{"href":"https:\/\/sp1.imielin.pl\/index.php\/wp-json\/wp\/v2\/media?parent=19318"}],"wp:term":[{"taxonomy":"category","embeddable":true,"href":"https:\/\/sp1.imielin.pl\/index.php\/wp-json\/wp\/v2\/categories?post=19318"},{"taxonomy":"post_tag","embeddable":true,"href":"https:\/\/sp1.imielin.pl\/index.php\/wp-json\/wp\/v2\/tags?post=19318"}],"curies":[{"name":"wp","href":"https:\/\/api.w.org\/{rel}","templated":true}]}}