{"id":19349,"date":"2024-09-27T22:19:55","date_gmt":"2024-09-27T20:19:55","guid":{"rendered":"http:\/\/www.sp1.imielin.pl\/?p=19349"},"modified":"2024-09-27T22:19:55","modified_gmt":"2024-09-27T20:19:55","slug":"nasi-nauczyciele-szkola-sie-aby-uczyc-ratowac-zycie","status":"publish","type":"post","link":"https:\/\/sp1.imielin.pl\/index.php\/2024\/09\/27\/nasi-nauczyciele-szkola-sie-aby-uczyc-ratowac-zycie\/","title":{"rendered":"Nasi nauczyciele szkol\u0105 si\u0119, aby uczy\u0107 ratowa\u0107 \u017cycie!"},"content":{"rendered":"<p style=\"text-align: justify;\">Dwie nauczycielki z naszej szko\u0142y wzi\u0119\u0142y udzia\u0142 w szkoleniu w ramach Programu Edukacyjnego \u201eRatujemy i Uczymy Ratowa\u0107\u201d, organizowanego przez Fundacj\u0119 Wielkiej Orkiestry \u015awi\u0105tecznej Pomocy. \u2764\ufe0f<br \/>\nPodczas szkolenia otrzymali\u015bmy cenne materia\u0142y edukacyjne: podr\u0119czniki, fantomy oraz inne niezb\u0119dne narz\u0119dzia, kt\u00f3re ju\u017c wkr\u00f3tce pos\u0142u\u017c\u0105 do prowadzenia zaj\u0119\u0107 z pierwszej pomocy dla naszych uczni\u00f3w. Dzi\u0119ki temu b\u0119dziemy mogli nie tylko nauczy\u0107 podstawowych zasad ratowania \u017cycia, ale tak\u017ce budowa\u0107 \u015bwiadomo\u015b\u0107 i odpowiedzialno\u015b\u0107 za drugiego cz\u0142owieka.<br \/>\nJeste\u015bmy przekonani, \u017ce zdobyta wiedza i nowe materia\u0142y pomog\u0105 uczyni\u0107 nasze zaj\u0119cia jeszcze bardziej warto\u015bciowymi i praktycznymi. <\/p>\n<p style=\"text-align: justify;\"><a href=\"https:\/\/www.facebook.com\/sp1.imielin\/videos\/2015903182177429\">FILM\u00a0<\/a><\/p>\n<div class=\"pld-like-dislike-wrap pld-template-2\">\r\n    <div class=\"pld-like-wrap  pld-common-wrap\">\r\n    <a href=\"javascript:void(0)\" class=\"pld-like-trigger pld-like-dislike-trigger  \" title=\"\" data-post-id=\"19349\" data-trigger-type=\"like\" data-restriction=\"cookie\" data-already-liked=\"0\">\r\n                        <i class=\"fas fa-heart\"><\/i>\r\n                <\/a>\r\n    <span class=\"pld-like-count-wrap pld-count-wrap\">    <\/span>\r\n<\/div><\/div>","protected":false},"excerpt":{"rendered":"<p>Dwie nauczycielki z naszej szko\u0142y wzi\u0119\u0142y udzia\u0142 w szkoleniu w ramach Programu Edukacyjnego \u201eRatujemy i Uczymy Ratowa\u0107\u201d, organizowanego przez Fundacj\u0119 Wielkiej Orkiestry \u015awi\u0105tecznej Pomocy. \u2764\ufe0f Podczas szkolenia otrzymali\u015bmy cenne materia\u0142y edukacyjne: podr\u0119czniki, fantomy oraz inne niezb\u0119dne narz\u0119dzia, kt\u00f3re ju\u017c wkr\u00f3tce pos\u0142u\u017c\u0105 do prowadzenia zaj\u0119\u0107 z pierwszej pomocy dla naszych uczni\u00f3w. Dzi\u0119ki temu b\u0119dziemy mogli nie [&hellip;]<\/p>\n","protected":false},"author":2,"featured_media":19351,"comment_status":"closed","ping_status":"closed","sticky":false,"template":"","format":"standard","meta":{"_uag_custom_page_level_css":"","footnotes":""},"categories":[5],"tags":[],"class_list":["post-19349","post","type-post","status-publish","format-standard","has-post-thumbnail","hentry","category-z-zycia-szkoly"],"uagb_featured_image_src":{"full":["https:\/\/sp1.imielin.pl\/wp-content\/uploads\/2024\/09\/ytrr-1.png",541,209,false],"thumbnail":["https:\/\/sp1.imielin.pl\/wp-content\/uploads\/2024\/09\/ytrr-1-150x150.png",150,150,true],"medium":["https:\/\/sp1.imielin.pl\/wp-content\/uploads\/2024\/09\/ytrr-1-300x116.png",300,116,true],"medium_large":["https:\/\/sp1.imielin.pl\/wp-content\/uploads\/2024\/09\/ytrr-1.png",525,203,false],"large":["https:\/\/sp1.imielin.pl\/wp-content\/uploads\/2024\/09\/ytrr-1.png",525,203,false],"1536x1536":["https:\/\/sp1.imielin.pl\/wp-content\/uploads\/2024\/09\/ytrr-1.png",541,209,false],"2048x2048":["https:\/\/sp1.imielin.pl\/wp-content\/uploads\/2024\/09\/ytrr-1.png",541,209,false],"gurukul-education-featured-image":["https:\/\/sp1.imielin.pl\/wp-content\/uploads\/2024\/09\/ytrr-1.png",541,209,false],"gurukul-education-thumbnail-avatar":["https:\/\/sp1.imielin.pl\/wp-content\/uploads\/2024\/09\/ytrr-1-100x100.png",100,100,true]},"uagb_author_info":{"display_name":"Maria Habryka","author_link":"https:\/\/sp1.imielin.pl\/index.php\/author\/maria\/"},"uagb_comment_info":0,"uagb_excerpt":"Dwie nauczycielki z naszej szko\u0142y wzi\u0119\u0142y udzia\u0142 w szkoleniu w ramach Programu Edukacyjnego \u201eRatujemy i Uczymy Ratowa\u0107\u201d, organizowanego przez Fundacj\u0119 Wielkiej Orkiestry \u015awi\u0105tecznej Pomocy. \u2764\ufe0f Podczas szkolenia otrzymali\u015bmy cenne materia\u0142y edukacyjne: podr\u0119czniki, fantomy oraz inne niezb\u0119dne narz\u0119dzia, kt\u00f3re ju\u017c wkr\u00f3tce pos\u0142u\u017c\u0105 do prowadzenia zaj\u0119\u0107 z pierwszej pomocy dla naszych uczni\u00f3w. Dzi\u0119ki temu b\u0119dziemy mogli nie&hellip;","_links":{"self":[{"href":"https:\/\/sp1.imielin.pl\/index.php\/wp-json\/wp\/v2\/posts\/19349","targetHints":{"allow":["GET"]}}],"collection":[{"href":"https:\/\/sp1.imielin.pl\/index.php\/wp-json\/wp\/v2\/posts"}],"about":[{"href":"https:\/\/sp1.imielin.pl\/index.php\/wp-json\/wp\/v2\/types\/post"}],"author":[{"embeddable":true,"href":"https:\/\/sp1.imielin.pl\/index.php\/wp-json\/wp\/v2\/users\/2"}],"replies":[{"embeddable":true,"href":"https:\/\/sp1.imielin.pl\/index.php\/wp-json\/wp\/v2\/comments?post=19349"}],"version-history":[{"count":0,"href":"https:\/\/sp1.imielin.pl\/index.php\/wp-json\/wp\/v2\/posts\/19349\/revisions"}],"wp:featuredmedia":[{"embeddable":true,"href":"https:\/\/sp1.imielin.pl\/index.php\/wp-json\/wp\/v2\/media\/19351"}],"wp:attachment":[{"href":"https:\/\/sp1.imielin.pl\/index.php\/wp-json\/wp\/v2\/media?parent=19349"}],"wp:term":[{"taxonomy":"category","embeddable":true,"href":"https:\/\/sp1.imielin.pl\/index.php\/wp-json\/wp\/v2\/categories?post=19349"},{"taxonomy":"post_tag","embeddable":true,"href":"https:\/\/sp1.imielin.pl\/index.php\/wp-json\/wp\/v2\/tags?post=19349"}],"curies":[{"name":"wp","href":"https:\/\/api.w.org\/{rel}","templated":true}]}}