{"id":19353,"date":"2024-09-29T20:46:49","date_gmt":"2024-09-29T18:46:49","guid":{"rendered":"http:\/\/www.sp1.imielin.pl\/?p=19353"},"modified":"2024-09-29T20:46:49","modified_gmt":"2024-09-29T18:46:49","slug":"obserwacje-mikroskopowe-2","status":"publish","type":"post","link":"https:\/\/sp1.imielin.pl\/index.php\/2024\/09\/29\/obserwacje-mikroskopowe-2\/","title":{"rendered":"Obserwacje mikroskopowe"},"content":{"rendered":"<p style=\"text-align: justify;\">Na lekcjach przyrody uczniowie mieli okazj\u0119 obserwowa\u0107 ma\u0142e, niewidoczne go\u0142ym okiem obiekty przyrodnicze. Obserwacje mikroskopowe okaza\u0142y si\u0119 dla czwartoklasist\u00f3w bardzo atrakcyjn\u0105 form\u0105 badania otaczaj\u0105cego nas \u015bwiata. Z mikroskop\u00f3w korzystamy dzi\u0119ki udzia\u0142owi szko\u0142y w projekcie &#8222;Zielona pracownia&#8221; finansowanym z WFO\u015aiGW w Katowicach.<\/p>\n<p style=\"text-align: justify;\"><a href=\"https:\/\/www.facebook.com\/photo\/?fbid=1083638776861205&amp;set=pcb.1083638920194524\">FOTORELACJA\u00a0<\/a><\/p>\n<div class=\"pld-like-dislike-wrap pld-template-2\">\r\n    <div class=\"pld-like-wrap  pld-common-wrap\">\r\n    <a href=\"javascript:void(0)\" class=\"pld-like-trigger pld-like-dislike-trigger  \" title=\"\" data-post-id=\"19353\" data-trigger-type=\"like\" data-restriction=\"cookie\" data-already-liked=\"0\">\r\n                        <i class=\"fas fa-heart\"><\/i>\r\n                <\/a>\r\n    <span class=\"pld-like-count-wrap pld-count-wrap\">    <\/span>\r\n<\/div><\/div>","protected":false},"excerpt":{"rendered":"<p>Na lekcjach przyrody uczniowie mieli okazj\u0119 obserwowa\u0107 ma\u0142e, niewidoczne go\u0142ym okiem obiekty przyrodnicze. Obserwacje mikroskopowe okaza\u0142y si\u0119 dla czwartoklasist\u00f3w bardzo atrakcyjn\u0105 form\u0105 badania otaczaj\u0105cego nas \u015bwiata. Z mikroskop\u00f3w korzystamy dzi\u0119ki udzia\u0142owi szko\u0142y w projekcie &#8222;Zielona pracownia&#8221; finansowanym z WFO\u015aiGW w Katowicach. FOTORELACJA\u00a0<\/p>\n","protected":false},"author":2,"featured_media":19354,"comment_status":"closed","ping_status":"closed","sticky":false,"template":"","format":"standard","meta":{"_uag_custom_page_level_css":"","footnotes":""},"categories":[5],"tags":[],"class_list":["post-19353","post","type-post","status-publish","format-standard","has-post-thumbnail","hentry","category-z-zycia-szkoly"],"uagb_featured_image_src":{"full":["https:\/\/sp1.imielin.pl\/wp-content\/uploads\/2024\/09\/ggg-1.png",599,296,false],"thumbnail":["https:\/\/sp1.imielin.pl\/wp-content\/uploads\/2024\/09\/ggg-1-150x150.png",150,150,true],"medium":["https:\/\/sp1.imielin.pl\/wp-content\/uploads\/2024\/09\/ggg-1-300x148.png",300,148,true],"medium_large":["https:\/\/sp1.imielin.pl\/wp-content\/uploads\/2024\/09\/ggg-1.png",525,259,false],"large":["https:\/\/sp1.imielin.pl\/wp-content\/uploads\/2024\/09\/ggg-1.png",525,259,false],"1536x1536":["https:\/\/sp1.imielin.pl\/wp-content\/uploads\/2024\/09\/ggg-1.png",599,296,false],"2048x2048":["https:\/\/sp1.imielin.pl\/wp-content\/uploads\/2024\/09\/ggg-1.png",599,296,false],"gurukul-education-featured-image":["https:\/\/sp1.imielin.pl\/wp-content\/uploads\/2024\/09\/ggg-1.png",599,296,false],"gurukul-education-thumbnail-avatar":["https:\/\/sp1.imielin.pl\/wp-content\/uploads\/2024\/09\/ggg-1-100x100.png",100,100,true]},"uagb_author_info":{"display_name":"Maria Habryka","author_link":"https:\/\/sp1.imielin.pl\/index.php\/author\/maria\/"},"uagb_comment_info":0,"uagb_excerpt":"Na lekcjach przyrody uczniowie mieli okazj\u0119 obserwowa\u0107 ma\u0142e, niewidoczne go\u0142ym okiem obiekty przyrodnicze. Obserwacje mikroskopowe okaza\u0142y si\u0119 dla czwartoklasist\u00f3w bardzo atrakcyjn\u0105 form\u0105 badania otaczaj\u0105cego nas \u015bwiata. Z mikroskop\u00f3w korzystamy dzi\u0119ki udzia\u0142owi szko\u0142y w projekcie &#8222;Zielona pracownia&#8221; finansowanym z WFO\u015aiGW w Katowicach. FOTORELACJA\u00a0","_links":{"self":[{"href":"https:\/\/sp1.imielin.pl\/index.php\/wp-json\/wp\/v2\/posts\/19353","targetHints":{"allow":["GET"]}}],"collection":[{"href":"https:\/\/sp1.imielin.pl\/index.php\/wp-json\/wp\/v2\/posts"}],"about":[{"href":"https:\/\/sp1.imielin.pl\/index.php\/wp-json\/wp\/v2\/types\/post"}],"author":[{"embeddable":true,"href":"https:\/\/sp1.imielin.pl\/index.php\/wp-json\/wp\/v2\/users\/2"}],"replies":[{"embeddable":true,"href":"https:\/\/sp1.imielin.pl\/index.php\/wp-json\/wp\/v2\/comments?post=19353"}],"version-history":[{"count":0,"href":"https:\/\/sp1.imielin.pl\/index.php\/wp-json\/wp\/v2\/posts\/19353\/revisions"}],"wp:featuredmedia":[{"embeddable":true,"href":"https:\/\/sp1.imielin.pl\/index.php\/wp-json\/wp\/v2\/media\/19354"}],"wp:attachment":[{"href":"https:\/\/sp1.imielin.pl\/index.php\/wp-json\/wp\/v2\/media?parent=19353"}],"wp:term":[{"taxonomy":"category","embeddable":true,"href":"https:\/\/sp1.imielin.pl\/index.php\/wp-json\/wp\/v2\/categories?post=19353"},{"taxonomy":"post_tag","embeddable":true,"href":"https:\/\/sp1.imielin.pl\/index.php\/wp-json\/wp\/v2\/tags?post=19353"}],"curies":[{"name":"wp","href":"https:\/\/api.w.org\/{rel}","templated":true}]}}